{"id":185736,"date":"2025-10-21T11:40:48","date_gmt":"2025-10-21T14:40:48","guid":{"rendered":"https:\/\/cdnoticias.com\/?p=185736"},"modified":"2025-10-21T12:41:56","modified_gmt":"2025-10-21T15:41:56","slug":"como-funcionan-los-consultorios-virtuales-en-localidades-de-olavarria","status":"publish","type":"post","link":"https:\/\/cdnoticias.com\/index.php\/2025\/10\/21\/como-funcionan-los-consultorios-virtuales-en-localidades-de-olavarria\/","title":{"rendered":"\u00bfC\u00f3mo funcionan los consultorios virtuales en localidades de Olavarr\u00eda?"},"content":{"rendered":"\n<p>El Municipio incorpor\u00f3 el servicio de Telemedicina en siete localidades. Los vecinos podr\u00e1n realizar consultas cl\u00ednicas, pedi\u00e1tricas y de salud mental. La subsecretaria de Atenci\u00f3n Primaria Florencia Lestrada explic\u00f3 la iniciativa.<\/p>\n\n\n\n<hr class=\"wp-block-separator has-alpha-channel-opacity\"\/>\n\n\n\n<p>La <strong>subsecretaria de Atenci\u00f3n Primaria de la Salud Florencia Lestrada,<\/strong> se refiri\u00f3 a la incorporaci\u00f3n del servicio de Telemedicina en siete localidades del Partido. En di\u00e1logo con el programa<strong> Levantate por Radio Sapiens (FM 102.7) <\/strong>resalt\u00f3 que el dispositivo \u201cda respuesta a una problem\u00e1tica que ven\u00edamos teniendo respecto al arraigo de profesionales de la salud en localidades rurales o en las localidades bastante alejadas de los n\u00facleos urbanos\u201d.<\/p>\n\n\n\n<p><\/p>\n\n\n\n<p>El servicio, implementado por muchas obras sociales y municipios, permite \u201cllegar a esas localidades que por ah\u00ed ten\u00edamos alguna dificultad para sostener la atenci\u00f3n\u201d. Al tiempo que \u201c<strong>agiliza la atenci\u00f3n y disminuye las barreras porque est\u00e1 abierto a toda la comunidad,<\/strong> independientemente de la obra social, independientemente del padr\u00f3n o no\u201d.<\/p>\n\n\n\n<p><\/p>\n\n\n\n<p>El dispositivo est\u00e1 disponible en <strong>Espigas, Sierras Bayas, Sierra Chica, Loma Negra, Colonia Hinojo, Colonia San Miguel y Blanca Grande. <\/strong>Seg\u00fan detall\u00f3 la profesional \u201cen cada uno de los centros de salud de estas localidades <strong>se instal\u00f3 un t\u00f3tem que funciona como consultorio virtual,<\/strong> desde el cual los vecinos pueden acceder a<strong> consultas en medicina cl\u00ednica, pediatr\u00eda y salud mental<\/strong>\u201d y agreg\u00f3: <strong>\u201ces un sill\u00f3n donde las personas se sientan para ser atendidas, se les pide un registro de datos por si acceden a una receta o a una certificaci\u00f3n y seg\u00fan la opci\u00f3n que elijan ser\u00e1n redireccionadas al staff de m\u00e9dicos de la telemedicina que est\u00e1n disponibles\u201d.<\/strong><\/p>\n\n\n\n<p><\/p>\n\n\n\n<p>La doctora Lestrada aclar\u00f3 que <strong>\u201cobviamente que si la consulta es urgente va pasar al m\u00e9dico directamente\u201d <\/strong>y que los t\u00f3tems \u201cest\u00e1n en una instituci\u00f3n de salud, en un CAPS donde de m\u00ednima tenemos una administrativa y una enfermera o enfermero que<strong> toma los signos vitales y que<\/strong> <strong>orienta a la persona<\/strong>\u201d.<\/p>\n\n\n\n<p><\/p>\n\n\n\n<p>Para colocar estos t\u00f3tems <strong>se generaron espacios dentro de los CAPS<\/strong> para que \u201cnadie m\u00e1s que la persona est\u00e9 escuchando al profesional, es un espacio de resguardo \u00edntimo, no est\u00e1 en un espacio abierto\u201d.<\/p>\n\n\n\n<p><\/p>\n\n\n\n<p>Otro de los puntos a destacar es la demora que se genera para acceder a la consulta: \u201ces un tiempo corto, en general todos los ensayos que hemos hecho no superan los 3, 4 minutos. <strong>Es una red de m\u00e9dicos que est\u00e1n disponibles para esas consultas<\/strong>\u201d.<\/p>\n\n\n\n<p><\/p>\n\n\n\n<figure class=\"wp-block-embed is-type-wp-embed is-provider-central-de-noticias-olavarr-a wp-block-embed-central-de-noticias-olavarr-a\"><div class=\"wp-block-embed__wrapper\">\n<blockquote class=\"wp-embedded-content\" data-secret=\"HHWstuXJLh\"><a href=\"https:\/\/cdnoticias.com\/index.php\/2025\/10\/16\/el-municipio-incorporo-el-servicio-de-telemedicina-en-siete-localidades-del-partido\/\">El Municipio incorpor\u00f3 el servicio de Telemedicina en siete localidades del Partido<\/a><\/blockquote><iframe loading=\"lazy\" class=\"wp-embedded-content\" sandbox=\"allow-scripts\" security=\"restricted\" style=\"position: absolute; visibility: hidden;\" title=\"&#8220;El Municipio incorpor\u00f3 el servicio de Telemedicina en siete localidades del Partido&#8221; &#8212; Central de Noticias | Olavarr\u00eda\" src=\"https:\/\/cdnoticias.com\/index.php\/2025\/10\/16\/el-municipio-incorporo-el-servicio-de-telemedicina-en-siete-localidades-del-partido\/embed\/#?secret=RnMLF8jH1f#?secret=HHWstuXJLh\" data-secret=\"HHWstuXJLh\" width=\"600\" height=\"338\" frameborder=\"0\" marginwidth=\"0\" marginheight=\"0\" scrolling=\"no\"><\/iframe>\n<\/div><\/figure>\n","protected":false},"excerpt":{"rendered":"<p>El Municipio incorpor\u00f3 el servicio de Telemedicina en siete localidades. Los vecinos podr\u00e1n realizar consultas cl\u00ednicas, pedi\u00e1tricas y de salud<\/p>\n","protected":false},"author":5,"featured_media":185364,"comment_status":"closed","ping_status":"closed","sticky":false,"template":"","format":"standard","meta":{"_jetpack_memberships_contains_paid_content":false,"footnotes":""},"categories":[5,1],"tags":[],"class_list":["post-185736","post","type-post","status-publish","format-standard","has-post-thumbnail","hentry","category-informacion-general","category-portada"],"jetpack_featured_media_url":"https:\/\/i0.wp.com\/cdnoticias.com\/wp-content\/uploads\/2025\/10\/telemedicina-04.png?fit=800%2C445&ssl=1","jetpack_sharing_enabled":true,"_links":{"self":[{"href":"https:\/\/cdnoticias.com\/index.php\/wp-json\/wp\/v2\/posts\/185736","targetHints":{"allow":["GET"]}}],"collection":[{"href":"https:\/\/cdnoticias.com\/index.php\/wp-json\/wp\/v2\/posts"}],"about":[{"href":"https:\/\/cdnoticias.com\/index.php\/wp-json\/wp\/v2\/types\/post"}],"author":[{"embeddable":true,"href":"https:\/\/cdnoticias.com\/index.php\/wp-json\/wp\/v2\/users\/5"}],"replies":[{"embeddable":true,"href":"https:\/\/cdnoticias.com\/index.php\/wp-json\/wp\/v2\/comments?post=185736"}],"version-history":[{"count":0,"href":"https:\/\/cdnoticias.com\/index.php\/wp-json\/wp\/v2\/posts\/185736\/revisions"}],"wp:featuredmedia":[{"embeddable":true,"href":"https:\/\/cdnoticias.com\/index.php\/wp-json\/wp\/v2\/media\/185364"}],"wp:attachment":[{"href":"https:\/\/cdnoticias.com\/index.php\/wp-json\/wp\/v2\/media?parent=185736"}],"wp:term":[{"taxonomy":"category","embeddable":true,"href":"https:\/\/cdnoticias.com\/index.php\/wp-json\/wp\/v2\/categories?post=185736"},{"taxonomy":"post_tag","embeddable":true,"href":"https:\/\/cdnoticias.com\/index.php\/wp-json\/wp\/v2\/tags?post=185736"}],"curies":[{"name":"wp","href":"https:\/\/api.w.org\/{rel}","templated":true}]}}