{"id":18573,"date":"2021-04-11T20:54:06","date_gmt":"2021-04-11T23:54:06","guid":{"rendered":"http:\/\/www.centraldenoticias.com.ar\/?p=18573"},"modified":"2021-04-11T21:43:46","modified_gmt":"2021-04-12T00:43:46","slug":"hay-63-personas-internadas-en-el-hospital-hay-circulacion-comunitaria-de-las-nuevas-cepas","status":"publish","type":"post","link":"https:\/\/cdnoticias.com\/index.php\/2021\/04\/11\/hay-63-personas-internadas-en-el-hospital-hay-circulacion-comunitaria-de-las-nuevas-cepas\/","title":{"rendered":"Hay 63 personas internadas en el Hospital: \u201chay circulaci\u00f3n comunitaria de las nuevas cepas\u201d"},"content":{"rendered":"<p>El Secretario de Salud confirm\u00f3 la compra de respiradores, la reactivaci\u00f3n de l\u00edneas de comunicaci\u00f3n y aclar\u00f3 que en caso de internaci\u00f3n, a\u00fan hay ocupaci\u00f3n disponible. Desminti\u00f3 \u201cel silencio\u201d sobre la aparici\u00f3n de cepas.\u00a0<!--more--><\/p>\n<hr \/>\n<p>En el marco de la conferencia de prensa de este domingo por la noche, <strong>el Secretario de Salud Germ\u00e1n Caputo confirm\u00f3 la suba de internados por COVID en el Hospital Municipal, al mismo tiempo que llevan adelante una reestructuraci\u00f3n para tener mayor disponibilidad de camas en el centro de salud.<\/strong><\/p>\n<p>&nbsp;<\/p>\n<blockquote><p>Confirm\u00f3, en tanto, que las l\u00edneas de Whatsapp de Epidemiolog\u00eda volver\u00e1n a funcionar de 9 a 17 horas.<\/p><\/blockquote>\n<p>&nbsp;<\/p>\n<p>En una actualizaci\u00f3n de la situaci\u00f3n hospitalaria, <strong>hay 63 personas internadas con COVID en la ciudad. La ocupaci\u00f3n de la \u201cCl\u00ednica COVID\u201d es del 100% y Terapia Intensiva es del 75%.<\/strong><\/p>\n<p>&nbsp;<\/p>\n<p><em>\u201cA nivel hospitalario estamos haciendo una reestructuraci\u00f3n, le damos mayor n\u00famero de camas a Cl\u00ednica COVID\u201d<\/em> dijo Caputo, y luego explic\u00f3 que <strong>podr\u00edan utilizar otros sectores del centro de Salud para descomprimir y trasladar pacientes a otros sectores e incluso, otras cl\u00ednicas de la ciudad.<\/strong><\/p>\n<p>&nbsp;<\/p>\n<p><em>\u201cDesde febrero estamos evaluando abrir m\u00e1s que nada alguna cama en terapia intensiva, y por lo complicado del recurso humano compramos respiradores de monitoreo\u201d.<\/em> Se\u00f1al\u00f3, en un apartado sumamente t\u00e9cnico, que tal como lo hace la Naci\u00f3n se analizan los \u00edndices de incidencia y de Raz\u00f3n. <strong>La incidencia \u201ces de un riesgo medio\u201d y la Raz\u00f3n \u201cde un riesgo alto\u201d.<\/strong> Es decir, hubo dos semanas de mayor cantidad de casos comparado con las dos semanas anteriores.<\/p>\n<p>&nbsp;<\/p>\n<p>Adem\u00e1s, <em>\u201cse quintuplicaron los testeos\u201d<\/em> y tuvo un apartado especial para desmentir versiones que daban cuenta del \u201csilencio\u201d de la aparici\u00f3n de nuevas cepas en el mes de marzo: <strong><em>\u201cHay gente muy seria trabajando en esto. Nunca escondimos un muerto, ni una cama, ni un caso. Nos dolieron mucho las versiones que dijeron que escondimos lo de la nueva cepa\u201d dijo, en el momento m\u00e1s tenso de la conferencia.<\/em><\/strong><\/p>\n<p>&nbsp;<\/p>\n<p>Finalmente, se\u00f1al\u00f3 que prevalece la cepa brit\u00e1nica que si bien <em>\u201cno est\u00e1 comprobada que sea m\u00e1s letal\u201d<\/em> s\u00ed lo est\u00e1 con la contagiosidad:<strong><em> \u201ces mucho m\u00e1s contagiosa y eso nos genera problemas\u201d.<\/em><\/strong> Finalmente, admiti\u00f3 que <strong><em>\u201cen Olavarr\u00eda y creo que en toda la Provincia de Buenos Aires hay circulaci\u00f3n comunitaria de estas nuevas cepas\u201d.<\/em><\/strong><\/p>\n","protected":false},"excerpt":{"rendered":"<p>El Secretario de Salud confirm\u00f3 la compra de respiradores, la reactivaci\u00f3n de l\u00edneas de comunicaci\u00f3n y aclar\u00f3 que en caso<\/p>\n","protected":false},"author":2,"featured_media":18571,"comment_status":"closed","ping_status":"closed","sticky":false,"template":"","format":"standard","meta":{"_jetpack_memberships_contains_paid_content":false,"footnotes":""},"categories":[5,1],"tags":[],"class_list":["post-18573","post","type-post","status-publish","format-standard","has-post-thumbnail","hentry","category-informacion-general","category-portada"],"jetpack_featured_media_url":"https:\/\/i0.wp.com\/cdnoticias.com\/wp-content\/uploads\/2021\/04\/conferencia3.jpg?fit=1152%2C768&ssl=1","jetpack_sharing_enabled":true,"_links":{"self":[{"href":"https:\/\/cdnoticias.com\/index.php\/wp-json\/wp\/v2\/posts\/18573","targetHints":{"allow":["GET"]}}],"collection":[{"href":"https:\/\/cdnoticias.com\/index.php\/wp-json\/wp\/v2\/posts"}],"about":[{"href":"https:\/\/cdnoticias.com\/index.php\/wp-json\/wp\/v2\/types\/post"}],"author":[{"embeddable":true,"href":"https:\/\/cdnoticias.com\/index.php\/wp-json\/wp\/v2\/users\/2"}],"replies":[{"embeddable":true,"href":"https:\/\/cdnoticias.com\/index.php\/wp-json\/wp\/v2\/comments?post=18573"}],"version-history":[{"count":0,"href":"https:\/\/cdnoticias.com\/index.php\/wp-json\/wp\/v2\/posts\/18573\/revisions"}],"wp:featuredmedia":[{"embeddable":true,"href":"https:\/\/cdnoticias.com\/index.php\/wp-json\/wp\/v2\/media\/18571"}],"wp:attachment":[{"href":"https:\/\/cdnoticias.com\/index.php\/wp-json\/wp\/v2\/media?parent=18573"}],"wp:term":[{"taxonomy":"category","embeddable":true,"href":"https:\/\/cdnoticias.com\/index.php\/wp-json\/wp\/v2\/categories?post=18573"},{"taxonomy":"post_tag","embeddable":true,"href":"https:\/\/cdnoticias.com\/index.php\/wp-json\/wp\/v2\/tags?post=18573"}],"curies":[{"name":"wp","href":"https:\/\/api.w.org\/{rel}","templated":true}]}}