{"id":185707,"date":"2025-10-20T19:54:50","date_gmt":"2025-10-20T22:54:50","guid":{"rendered":"https:\/\/cdnoticias.com\/?p=185707"},"modified":"2025-10-21T09:38:53","modified_gmt":"2025-10-21T12:38:53","slug":"docentes-universitarios-inician-protestas-por-la-falta-de-aplicacion-de-la-ley-de-financiamiento-educativo","status":"publish","type":"post","link":"https:\/\/cdnoticias.com\/index.php\/2025\/10\/20\/docentes-universitarios-inician-protestas-por-la-falta-de-aplicacion-de-la-ley-de-financiamiento-educativo\/","title":{"rendered":"Docentes universitarios inician protestas por la falta de aplicaci\u00f3n de la ley de financiamiento educativo"},"content":{"rendered":"\n<p>La Conadu anunci\u00f3 una jornada nacional de protesta ante la falta de promulgaci\u00f3n y ejecuci\u00f3n de la Ley N\u00ba 27.795, que establece el financiamiento de la educaci\u00f3n universitaria y la recomposici\u00f3n salarial del sector.<\/p>\n\n\n\n<hr class=\"wp-block-separator aligncenter has-alpha-channel-opacity\"\/>\n\n\n\n<p>La <strong>Federaci\u00f3n Nacional de Docentes Universitarios (Conadu) resolvi\u00f3 llevar adelante una jornada nacional de protesta este martes y mi\u00e9rcoles<\/strong><em> \u201cante la dilaci\u00f3n del Poder Ejecutivo de promulgar y ejecutar la Ley N\u00ba 27.795 de Financiamiento de la Educaci\u00f3n Universitaria y Recomposici\u00f3n del Salario\u201d.<\/em><\/p>\n\n\n\n<p>La medida, aprobada por el Plenario de Secretarias y Secretarios Generales de la federaci\u00f3n<strong>, incluye un paro de 24 horas a partir del d\u00eda posterior al vencimiento de los plazos legales, junto con distintas acciones de visibilizaci\u00f3n del conflicto durante la pr\u00f3xima semana.<\/strong><\/p>\n\n\n\n<p>En un comunicado, Conadu advirti\u00f3 que \u201c<em><strong>la situaci\u00f3n en las universidades es sumamente grave. A los salarios de pobreza se agrega la sobrecarga laboral y el desarme de cargos exclusivos que aumenta los cargos simples en una clara precarizaci\u00f3n de la tarea docente\u201d.<\/strong><\/em><\/p>\n\n\n\n<p>La organizaci\u00f3n gremial expres\u00f3 adem\u00e1s su preocupaci\u00f3n ante la posibilidad de que el Gobierno suspenda la aplicaci\u00f3n de la Ley de Financiamiento Universitario, <em>\u201ccomo ya hizo con la emergencia en discapacidad\u201d.<\/em><\/p>\n\n\n\n<p>Por su parte, el secretario general de Conadu, Carlos De Feo, sostuvo que<em><strong> \u201cen este contexto, y por la falta de di\u00e1logo que desconoce a las paritarias del sector, tenemos que fortalecer la organizaci\u00f3n y los planes de lucha para poder enfrentar el desguace del sistema universitario y cient\u00edfico que sostienen Milei y sus secuaces\u201d.<\/strong><\/em><\/p>\n\n\n\n<p>De Feo agreg\u00f3 que <em>\u201cel Plenario resalt\u00f3 que el ataque del Gobierno se centra tambi\u00e9n en el modelo sindical a trav\u00e9s de la negaci\u00f3n de las paritarias universitarias desde hace un a\u00f1o\u201d.<\/em><\/p>\n","protected":false},"excerpt":{"rendered":"<p>La Conadu anunci\u00f3 una jornada nacional de protesta ante la falta de promulgaci\u00f3n y ejecuci\u00f3n de la Ley N\u00ba 27.795,<\/p>\n","protected":false},"author":2,"featured_media":182689,"comment_status":"closed","ping_status":"closed","sticky":false,"template":"","format":"standard","meta":{"_jetpack_memberships_contains_paid_content":false,"footnotes":""},"categories":[5,1],"tags":[],"class_list":["post-185707","post","type-post","status-publish","format-standard","has-post-thumbnail","hentry","category-informacion-general","category-portada"],"jetpack_featured_media_url":"https:\/\/i0.wp.com\/cdnoticias.com\/wp-content\/uploads\/2025\/09\/Marcha-Universidad-Publica-Olavarria-28.jpg?fit=1024%2C680&ssl=1","jetpack_sharing_enabled":true,"_links":{"self":[{"href":"https:\/\/cdnoticias.com\/index.php\/wp-json\/wp\/v2\/posts\/185707","targetHints":{"allow":["GET"]}}],"collection":[{"href":"https:\/\/cdnoticias.com\/index.php\/wp-json\/wp\/v2\/posts"}],"about":[{"href":"https:\/\/cdnoticias.com\/index.php\/wp-json\/wp\/v2\/types\/post"}],"author":[{"embeddable":true,"href":"https:\/\/cdnoticias.com\/index.php\/wp-json\/wp\/v2\/users\/2"}],"replies":[{"embeddable":true,"href":"https:\/\/cdnoticias.com\/index.php\/wp-json\/wp\/v2\/comments?post=185707"}],"version-history":[{"count":0,"href":"https:\/\/cdnoticias.com\/index.php\/wp-json\/wp\/v2\/posts\/185707\/revisions"}],"wp:featuredmedia":[{"embeddable":true,"href":"https:\/\/cdnoticias.com\/index.php\/wp-json\/wp\/v2\/media\/182689"}],"wp:attachment":[{"href":"https:\/\/cdnoticias.com\/index.php\/wp-json\/wp\/v2\/media?parent=185707"}],"wp:term":[{"taxonomy":"category","embeddable":true,"href":"https:\/\/cdnoticias.com\/index.php\/wp-json\/wp\/v2\/categories?post=185707"},{"taxonomy":"post_tag","embeddable":true,"href":"https:\/\/cdnoticias.com\/index.php\/wp-json\/wp\/v2\/tags?post=185707"}],"curies":[{"name":"wp","href":"https:\/\/api.w.org\/{rel}","templated":true}]}}