{"id":185688,"date":"2025-10-20T18:51:18","date_gmt":"2025-10-20T21:51:18","guid":{"rendered":"https:\/\/cdnoticias.com\/?p=185688"},"modified":"2025-10-20T18:51:20","modified_gmt":"2025-10-20T21:51:20","slug":"trabajos-de-mejora-y-mantenimiento-vial-en-el-barrio-villa-aurora","status":"publish","type":"post","link":"https:\/\/cdnoticias.com\/index.php\/2025\/10\/20\/trabajos-de-mejora-y-mantenimiento-vial-en-el-barrio-villa-aurora\/","title":{"rendered":"Trabajos de mejora y mantenimiento vial en el barrio Villa Aurora"},"content":{"rendered":"\n<p>Se dispuso un despliegue articulado con la intervenci\u00f3n de una motoniveladora, una pala y camiones para el traslado de materiales.<\/p>\n\n\n\n<hr class=\"wp-block-separator aligncenter has-alpha-channel-opacity\"\/>\n\n\n\n<p>El Municipio de Olavarr\u00eda record\u00f3 que de manera permanente se efect\u00faan <strong>trabajos de mejora y mantenimiento vial,<\/strong> en distintos puntos del Partido, en dispositivos que surgen tanto del seguimiento y relevamiento que se lleva a cabo desde la Secretar\u00eda de Obras, Infraestructura y Servicios P\u00fablicos, como en <strong>respuesta a pedidos realizados por la comunidad.<\/strong><\/p>\n\n\n\n<p><\/p>\n\n\n\n<figure class=\"wp-block-image aligncenter size-full\"><img data-recalc-dims=\"1\" loading=\"lazy\" decoding=\"async\" width=\"800\" height=\"456\" src=\"https:\/\/i0.wp.com\/cdnoticias.com\/wp-content\/uploads\/2025\/10\/mantenimiento-1.jpg?resize=800%2C456&#038;ssl=1\" alt=\"\" class=\"wp-image-185691\" srcset=\"https:\/\/i0.wp.com\/cdnoticias.com\/wp-content\/uploads\/2025\/10\/mantenimiento-1.jpg?w=897&amp;ssl=1 897w, https:\/\/i0.wp.com\/cdnoticias.com\/wp-content\/uploads\/2025\/10\/mantenimiento-1.jpg?resize=300%2C171&amp;ssl=1 300w, https:\/\/i0.wp.com\/cdnoticias.com\/wp-content\/uploads\/2025\/10\/mantenimiento-1.jpg?resize=768%2C438&amp;ssl=1 768w\" sizes=\"auto, (max-width: 800px) 100vw, 800px\" \/><\/figure>\n\n\n\n<p><\/p>\n\n\n\n<p>En ese marco, un importante despliegue pudo verse este lunes en el <strong>barrio Villa Aurora, <\/strong>donde tambi\u00e9n se tuvo por objetivo <strong>llevar a cabo la limpieza y liberaci\u00f3n de cordones cuneta.<\/strong><\/p>\n\n\n\n<p><\/p>\n\n\n\n<p>El operativo abarc\u00f3 el sector delimitado por las <strong>avenidas Eva Per\u00f3n (Ex Circunvalaci\u00f3n) y Luciano Fortabat, y la calle Los Tulipanes<\/strong>, contemplando las calles internas.<\/p>\n\n\n\n<p><\/p>\n\n\n\n<p>Asimismo, se dispuso un despliegue articulado con la intervenci\u00f3n de una motoniveladora, una pala y camiones para el traslado de materiales.<\/p>\n\n\n\n<p><\/p>\n","protected":false},"excerpt":{"rendered":"<p>Se dispuso un despliegue articulado con la intervenci\u00f3n de una motoniveladora, una pala y camiones para el traslado de materiales.<\/p>\n","protected":false},"author":6,"featured_media":185690,"comment_status":"closed","ping_status":"closed","sticky":false,"template":"","format":"standard","meta":{"_jetpack_memberships_contains_paid_content":false,"footnotes":""},"categories":[5,1],"tags":[],"class_list":["post-185688","post","type-post","status-publish","format-standard","has-post-thumbnail","hentry","category-informacion-general","category-portada"],"jetpack_featured_media_url":"https:\/\/i0.wp.com\/cdnoticias.com\/wp-content\/uploads\/2025\/10\/mantenimiento-2.jpg?fit=887%2C519&ssl=1","jetpack_sharing_enabled":true,"_links":{"self":[{"href":"https:\/\/cdnoticias.com\/index.php\/wp-json\/wp\/v2\/posts\/185688","targetHints":{"allow":["GET"]}}],"collection":[{"href":"https:\/\/cdnoticias.com\/index.php\/wp-json\/wp\/v2\/posts"}],"about":[{"href":"https:\/\/cdnoticias.com\/index.php\/wp-json\/wp\/v2\/types\/post"}],"author":[{"embeddable":true,"href":"https:\/\/cdnoticias.com\/index.php\/wp-json\/wp\/v2\/users\/6"}],"replies":[{"embeddable":true,"href":"https:\/\/cdnoticias.com\/index.php\/wp-json\/wp\/v2\/comments?post=185688"}],"version-history":[{"count":0,"href":"https:\/\/cdnoticias.com\/index.php\/wp-json\/wp\/v2\/posts\/185688\/revisions"}],"wp:featuredmedia":[{"embeddable":true,"href":"https:\/\/cdnoticias.com\/index.php\/wp-json\/wp\/v2\/media\/185690"}],"wp:attachment":[{"href":"https:\/\/cdnoticias.com\/index.php\/wp-json\/wp\/v2\/media?parent=185688"}],"wp:term":[{"taxonomy":"category","embeddable":true,"href":"https:\/\/cdnoticias.com\/index.php\/wp-json\/wp\/v2\/categories?post=185688"},{"taxonomy":"post_tag","embeddable":true,"href":"https:\/\/cdnoticias.com\/index.php\/wp-json\/wp\/v2\/tags?post=185688"}],"curies":[{"name":"wp","href":"https:\/\/api.w.org\/{rel}","templated":true}]}}