{"id":185684,"date":"2025-10-20T18:19:37","date_gmt":"2025-10-20T21:19:37","guid":{"rendered":"https:\/\/cdnoticias.com\/?p=185684"},"modified":"2025-10-20T18:19:38","modified_gmt":"2025-10-20T21:19:38","slug":"legislativas-nuevo-mas-propone-llevar-el-salario-minimo-a-2-millones-de-pesos","status":"publish","type":"post","link":"https:\/\/cdnoticias.com\/index.php\/2025\/10\/20\/legislativas-nuevo-mas-propone-llevar-el-salario-minimo-a-2-millones-de-pesos\/","title":{"rendered":"Legislativas: Nuevo M\u00e1s propone llevar el salario m\u00ednimo a 2 millones de pesos"},"content":{"rendered":"<p>Lo cont\u00f3 el candidato a diputado nacional de Olavarr\u00eda, Alejandro Schmale. El \u201cmanifiesto anticapitalista\u201d, la campa\u00f1a local y regional y la polarizaci\u00f3n \u201ces fabricada\u201d.<!--more--><\/p>\n<hr \/>\n<p>Para las <strong>elecciones legislativas<\/strong> del pr\u00f3ximo domingo<strong> Olavarr\u00eda tiene un candidato a diputado nacional: es Alejandro Schmale del Nuevo M\u00e1s<\/strong> quien habl\u00f3 con <strong>Central de Noticias<\/strong>. Resalt\u00f3 la campa\u00f1a que lleva adelante, sostuvo que la polarizaci\u00f3n \u201ces fabricada\u201d y adem\u00e1s cont\u00f3<strong> las principales propuestas del espacio que encabeza Manuela Casta\u00f1eira<\/strong> en la provincia de Buenos Aires.<\/p>\n<blockquote><p>\u201cSe present\u00f3 hace m\u00e1s de un mes un manifiesto anticapitalista. Ah\u00ed es donde desarrollamos todas las alternativas a las soluciones si tenemos la posibilidad de entrar en el Congreso\u201d explic\u00f3. \u201cEl primer punto es el del salario m\u00ednimo vital y m\u00f3vil. Llevar la discusi\u00f3n al Congreso para que el salario parte de los 2 millones de pesos\u201d indic\u00f3.<\/p><\/blockquote>\n<p>El candidato explic\u00f3 que la suma se defini\u00f3 teniendo en cuenta los gastos que las familias deben asumir para sostener su vida: alimentaci\u00f3n, servicios, transporte, salud, vestimenta y pagos impositivos. A su vez, ampli\u00f3 que <strong>\u201cimplicar\u00eda que se puedan seguir discutiendo las jubilaciones, las pensiones y, por supuesto, tengan su aumento\u201d.<\/strong><\/p>\n<p>Un segundo punto incluido en ese manifiesto para <strong>debatir en el Congreso es el de convocar a \u201cuna asamblea constituyente<\/strong>. Creemos que la Argentina realmente necesita una reorganizaci\u00f3n pr\u00e1cticamente total del sistema\u201d. En ese marco cuestion\u00f3 la gesti\u00f3n del presidente Javier Milei: \u201clo \u00fanico que est\u00e1 haciendo es no solo destruir el pa\u00eds, destruir el salario, destruir la producci\u00f3n y dem\u00e1s, sino que tambi\u00e9n las estructuras del pa\u00eds est\u00e1n debilitadas\u201d. Subray\u00f3 que para contraponer a esos problemas,<strong> \u201ccreemos que de forma urgente el pa\u00eds necesita una reorganizaci\u00f3n<\/strong>, pero principalmente tambi\u00e9n encontrar el camino a ver para d\u00f3nde quiere ir la Argentina, c\u00f3mo queremos seguir viviendo, c\u00f3mo queremos vivir en realidad y qu\u00e9 pa\u00eds queremos\u201d.<\/p>\n<p><img data-recalc-dims=\"1\" loading=\"lazy\" decoding=\"async\" class=\"alignnone size-full wp-image-185685 aligncenter\" src=\"https:\/\/i0.wp.com\/cdnoticias.com\/wp-content\/uploads\/2025\/10\/alejandro-schmale-manuela-castaneira.jpg?resize=600%2C849&#038;ssl=1\" alt=\"\" width=\"600\" height=\"849\" srcset=\"https:\/\/i0.wp.com\/cdnoticias.com\/wp-content\/uploads\/2025\/10\/alejandro-schmale-manuela-castaneira.jpg?w=600&amp;ssl=1 600w, https:\/\/i0.wp.com\/cdnoticias.com\/wp-content\/uploads\/2025\/10\/alejandro-schmale-manuela-castaneira.jpg?resize=212%2C300&amp;ssl=1 212w\" sizes=\"auto, (max-width: 600px) 100vw, 600px\" \/><\/p>\n<p>En ese contexto Alejandro Schmale se refiri\u00f3 a que \u201cel gobierno del Presidente est\u00e1 teniendo<strong> una de las deudas m\u00e1s grandes que haya pasado en la Rep\u00fablica Argentina\u201d<\/strong>. Consider\u00f3 que \u201cno solamente se le pidi\u00f3 al FMI, sino que<strong> el gobierno de Donald Trump de alguna manera est\u00e1 financiando la campa\u00f1a de estas pr\u00f3ximas elecciones de La Libertad Avanza\u201d<\/strong>. \u201cLa verdad que la deuda es impagable y lo que llevar\u00eda a un pa\u00eds, si hoy est\u00e1 totalmente parado, frenado, sin producci\u00f3n, con salario de indigencia y pobreza, vamos a multiplicarlo por tres o cuatro m\u00e1s\u201d dijo.<\/p>\n<p>Por otro lado, ante la pregunta por <strong>la votaci\u00f3n con el sistema de boleta \u00fanica, indic\u00f3 que \u201cest\u00e1 muy preocupada la gente\u201d<\/strong> y que en Nuevo M\u00e1s reciben consultas por ese tema. \u201cAhora est\u00e1n entendiendo mucho m\u00e1s, no solamente desde lo que tratamos de explicar nosotros cuando vamos charlando con la gente en la calle, sino tambi\u00e9n cuando el Municipio ha puesto a disposici\u00f3n en algunos lugares que se han dado charlas y la Facultad tambi\u00e9n\u201d.<\/p>\n<h3>La campa\u00f1a local<\/h3>\n<blockquote><p>En Olavarr\u00eda Nuevo M\u00e1s recorre la ciudad \u201cdesde hace un par de meses\u201d con visitas a vecinos e instituciones. La principal labor es darse a conocer, \u201chay muchas personas que primero no conocen el partido, muchas se creen que porque somos un partido un poco m\u00e1s chico que los partidos tradicionales, las propuestas no tenemos o no las hemos dado a conocer\u201d.<\/p><\/blockquote>\n<p>En ese sentido indic\u00f3 que <strong>el manifiesto anticapitalista \u201cfue presentado a nivel nacional y tambi\u00e9n aqu\u00ed en Olavarr\u00eda<\/strong> de forma mucho m\u00e1s artesanal y casera\u201d. Lo hizo el propio Schmale a trav\u00e9s de sus redes sociales.<\/p>\n<p><iframe loading=\"lazy\" style=\"border: none; overflow: hidden;\" src=\"https:\/\/www.facebook.com\/plugins\/video.php?height=476&amp;href=https%3A%2F%2Fwww.facebook.com%2Freel%2F1127574499354018%2F&amp;show_text=true&amp;width=267&amp;t=0\" width=\"267\" height=\"591\" frameborder=\"0\" scrolling=\"no\" allowfullscreen=\"allowfullscreen\"><\/iframe><\/p>\n<p>\u00bfCu\u00e1l es el valor del armado de lista con un representante de Olavarr\u00eda? <strong>\u201cEl armado lo realizamos con todo el trabajo que se va realizando en cada mes, el trabajo que va realizando cada una de las ciudades.<\/strong> Fue una sorpresa porque quiz\u00e1s la falta de log\u00edstica y el<strong> trabajo casi artesanal<\/strong> que hacemos de difundir las propuestas no lleva a grandes resultados; o sea, no tenemos la cantidad de votos que quisi\u00e9ramos tener.<strong> Pero el partido ve que en Olavarr\u00eda nos estamos moviendo<\/strong>, que estamos presentando las diferentes soluciones\u201d respondi\u00f3. En esa l\u00ednea destac\u00f3 que <strong>en nuestro distrito, Nuevo Mas percibe dos tem\u00e1ticas principales a trav\u00e9s de los planteos de los vecinos: \u201cla inseguridad en primer lugar y muy cerquita lo laboral, la creaci\u00f3n de fuentes de trabajo\u201d<\/strong>. Cont\u00f3 que para ambos planteos cuentan con propuestas desarrolladas para el \u00e1mbito local.<\/p>\n<p>Otro aspecto del desarrollo de la campa\u00f1a para las Legislativas es la llegada seccional, regional y provincial.<strong> \u201cVenimos trabajando en conjunto tambi\u00e9n con la ciudad de Azul<\/strong> en la cual tambi\u00e9n tenemos<strong> otro de los candidatos a diputados que es Miguel Mugueta<\/strong>. Tambi\u00e9n trabajando en conjunto con Marcos Pascu\u00e1n de Mar del Plata, esta semana que pas\u00f3 Juan Cruz Ramad, que es el segundo en la lista de diputados, estuvo visitando Bah\u00eda Blanca\u201d.<\/p>\n<blockquote><p>En su mensaje a los electores, el candidato a legislador nacional advirti\u00f3 \u201cque no le vengan a decir la famosa polarizaci\u00f3n, porque el voto es de cada una de las personas. La polarizaci\u00f3n, si bien existe, tambi\u00e9n es fabricada desde ciertos medios de comunicaci\u00f3n diciendo que las alternativas son dos o tres. Y es mentira, no quiere decir que no haya alternativas y no haya propuestas\u201d.<\/p><\/blockquote>\n","protected":false},"excerpt":{"rendered":"<p>Lo cont\u00f3 el candidato a diputado nacional de Olavarr\u00eda, Alejandro Schmale. El \u201cmanifiesto anticapitalista\u201d, la campa\u00f1a local y regional y<\/p>\n","protected":false},"author":4,"featured_media":90673,"comment_status":"closed","ping_status":"closed","sticky":false,"template":"","format":"standard","meta":{"_jetpack_memberships_contains_paid_content":false,"footnotes":""},"categories":[4,1],"tags":[],"class_list":["post-185684","post","type-post","status-publish","format-standard","has-post-thumbnail","hentry","category-politica","category-portada"],"jetpack_featured_media_url":"https:\/\/i0.wp.com\/cdnoticias.com\/wp-content\/uploads\/2023\/07\/schmale-alejandro01.jpg?fit=800%2C445&ssl=1","jetpack_sharing_enabled":true,"_links":{"self":[{"href":"https:\/\/cdnoticias.com\/index.php\/wp-json\/wp\/v2\/posts\/185684","targetHints":{"allow":["GET"]}}],"collection":[{"href":"https:\/\/cdnoticias.com\/index.php\/wp-json\/wp\/v2\/posts"}],"about":[{"href":"https:\/\/cdnoticias.com\/index.php\/wp-json\/wp\/v2\/types\/post"}],"author":[{"embeddable":true,"href":"https:\/\/cdnoticias.com\/index.php\/wp-json\/wp\/v2\/users\/4"}],"replies":[{"embeddable":true,"href":"https:\/\/cdnoticias.com\/index.php\/wp-json\/wp\/v2\/comments?post=185684"}],"version-history":[{"count":0,"href":"https:\/\/cdnoticias.com\/index.php\/wp-json\/wp\/v2\/posts\/185684\/revisions"}],"wp:featuredmedia":[{"embeddable":true,"href":"https:\/\/cdnoticias.com\/index.php\/wp-json\/wp\/v2\/media\/90673"}],"wp:attachment":[{"href":"https:\/\/cdnoticias.com\/index.php\/wp-json\/wp\/v2\/media?parent=185684"}],"wp:term":[{"taxonomy":"category","embeddable":true,"href":"https:\/\/cdnoticias.com\/index.php\/wp-json\/wp\/v2\/categories?post=185684"},{"taxonomy":"post_tag","embeddable":true,"href":"https:\/\/cdnoticias.com\/index.php\/wp-json\/wp\/v2\/tags?post=185684"}],"curies":[{"name":"wp","href":"https:\/\/api.w.org\/{rel}","templated":true}]}}