{"id":185676,"date":"2025-10-20T13:43:17","date_gmt":"2025-10-20T16:43:17","guid":{"rendered":"https:\/\/cdnoticias.com\/?p=185676"},"modified":"2025-10-20T18:49:54","modified_gmt":"2025-10-20T21:49:54","slug":"wesner-en-el-acto-protocolar-por-el-146-aniversario-de-sierras-bayas","status":"publish","type":"post","link":"https:\/\/cdnoticias.com\/index.php\/2025\/10\/20\/wesner-en-el-acto-protocolar-por-el-146-aniversario-de-sierras-bayas\/","title":{"rendered":"Wesner en el acto protocolar por el 146\u00b0 aniversario de Sierras Bayas"},"content":{"rendered":"<p>Se realiz\u00f3 este lunes en la Plaza 17 de Octubre. El jefe comunal resalt\u00f3 la actividad minera y enumer\u00f3 medidas de gesti\u00f3n en la localidad entre ellas la generaci\u00f3n de 100 lotes para viviendas.<!--more--><\/p>\n<hr \/>\n<p>El<strong> intendente Maximiliano Wesner<\/strong> particip\u00f3 en la ma\u00f1ana de <strong>este lunes del acto protocolar por el 146\u00ba aniversario de Sierras Bayas<\/strong>. Junto a vecinos y vecinas, este encuentro se llev\u00f3 a cabo en la Plaza 17 de Octubre.<\/p>\n<p>El acto se inici\u00f3 con la concentraci\u00f3n de autoridades y delegaciones educativas, la entonaci\u00f3n del Himno Nacional Argentino y palabras alusivas la fecha.<\/p>\n<p>Se encontraban presentes adem\u00e1s la jefa de Gabinete Mercedes Land\u00edvar, el delegado de Sierras Bayas Alejandro Pereira, la directora del Hospital Municipal de Sierras Bayas Victoria Viglianchino, Subcomisar\u00eda de Sierras Bayas Bomberos Voluntarios destacamento de Sierras Bayas, familiares del Capit\u00e1n de Corbeta Diego Wagner, junto a integrantes del gabinete municipal, concejales de los distintos bloques, autoridades educativas y de las distintas instituciones de la localidad, Centro de Jubilados \u201cLos Amigos\u201d, Patrimonio Cultural Minero, Centro Cultural Sierras Bayas y Rotary Club Sierras Bayas.<\/p>\n<p>Participaron las distintas delegaciones de establecimientos educativos de la comunidad: Escuela Primaria N\u00ba 14 \u201cRemedios de Escalada de San Mart\u00edn\u201d, Escuela Primaria N\u00ba 77 \u201cEstanislao Zeballos\u201d, Jard\u00edn Maternal Municipal \u201cGotitas de Roc\u00edo\u201d, Jard\u00edn de Infantes N\u00ba 11, Jard\u00edn de Infantes N\u00ba 921, Escuela de Educaci\u00f3n Secundaria N\u00ba 2 \u201cJos\u00e9 Mar\u00eda Paz\u201d, Instituto Privado Sierras Bayas, Centro Educativo Complementario N\u00ba 805, Centro de Educaci\u00f3n Nivel Secundario CENS N\u00ba 454 y Grupo Scout \u201cCristo Rey\u201d.<\/p>\n<p><img data-recalc-dims=\"1\" loading=\"lazy\" decoding=\"async\" class=\"alignnone size-full wp-image-185677 aligncenter\" src=\"https:\/\/i0.wp.com\/cdnoticias.com\/wp-content\/uploads\/2025\/10\/wesner-Aniversario-Sierras-Bayas.jpeg?resize=800%2C446&#038;ssl=1\" alt=\"\" width=\"800\" height=\"446\" srcset=\"https:\/\/i0.wp.com\/cdnoticias.com\/wp-content\/uploads\/2025\/10\/wesner-Aniversario-Sierras-Bayas.jpeg?w=1000&amp;ssl=1 1000w, https:\/\/i0.wp.com\/cdnoticias.com\/wp-content\/uploads\/2025\/10\/wesner-Aniversario-Sierras-Bayas.jpeg?resize=300%2C167&amp;ssl=1 300w, https:\/\/i0.wp.com\/cdnoticias.com\/wp-content\/uploads\/2025\/10\/wesner-Aniversario-Sierras-Bayas.jpeg?resize=768%2C428&amp;ssl=1 768w, https:\/\/i0.wp.com\/cdnoticias.com\/wp-content\/uploads\/2025\/10\/wesner-Aniversario-Sierras-Bayas.jpeg?resize=800%2C445&amp;ssl=1 800w\" sizes=\"auto, (max-width: 800px) 100vw, 800px\" \/><\/p>\n<p><img data-recalc-dims=\"1\" loading=\"lazy\" decoding=\"async\" class=\"alignnone size-full wp-image-185680 aligncenter\" src=\"https:\/\/i0.wp.com\/cdnoticias.com\/wp-content\/uploads\/2025\/10\/Aniversario-Sierras-Bayas-3.jpeg?resize=800%2C445&#038;ssl=1\" alt=\"\" width=\"800\" height=\"445\" srcset=\"https:\/\/i0.wp.com\/cdnoticias.com\/wp-content\/uploads\/2025\/10\/Aniversario-Sierras-Bayas-3.jpeg?w=1000&amp;ssl=1 1000w, https:\/\/i0.wp.com\/cdnoticias.com\/wp-content\/uploads\/2025\/10\/Aniversario-Sierras-Bayas-3.jpeg?resize=300%2C167&amp;ssl=1 300w, https:\/\/i0.wp.com\/cdnoticias.com\/wp-content\/uploads\/2025\/10\/Aniversario-Sierras-Bayas-3.jpeg?resize=768%2C427&amp;ssl=1 768w, https:\/\/i0.wp.com\/cdnoticias.com\/wp-content\/uploads\/2025\/10\/Aniversario-Sierras-Bayas-3.jpeg?resize=800%2C445&amp;ssl=1 800w\" sizes=\"auto, (max-width: 800px) 100vw, 800px\" \/><\/p>\n<h3>Un d\u00eda de celebraci\u00f3n<\/h3>\n<p>El intendente Wesner manifest\u00f3 que <strong>\u201choy es un d\u00eda de celebraci\u00f3n de estos 146 a\u00f1os de historia.<\/strong> Pero por sobre todas las cosas, entiendo y creo y quiero compartir esta mirada con todos ustedes que es un d\u00eda de orgullo\u201d.<\/p>\n<blockquote><p>\u201cSierras Bayas no solo cobija la diversidad con los pueblos originarios, sino tambi\u00e9n con esa oleada migratoria a quien supo abrir los brazos para gestar y generar esta hermosa comunidad\u201d defini\u00f3.<\/p><\/blockquote>\n<p>El jefe comunal <strong>resalt\u00f3 la actividad minera<\/strong> como punto central de desarrollo. M\u00e1s adelante <strong>enumer\u00f3 las medidas de gesti\u00f3n<\/strong> que lleva adelante el Municipio en la localidad en materia de salud como <strong>reformas edilicias en el Hospital Municipal de Sierras Bayas e implementaci\u00f3n del servicio de telemedicina<\/strong>; de seguridad como <strong>instalaci\u00f3n de c\u00e1maras de seguridad<\/strong>; de obras p\u00fablicas y tr\u00e1nsito como la construcci\u00f3n de la <strong>Playa de Camiones e Infraestructura Educativa<\/strong>; y en cultura como la <strong>reapertura del Museo La Estaci\u00f3n.<\/strong><\/p>\n<p>Wesner hizo un apartado especial para mencionar la<strong> generaci\u00f3n de 100 lotes para viviendas<\/strong>. \u201cCuando pensamos en las familias, pensamos tambi\u00e9n en las generaciones futuras\u201d dijo para agregar<strong> \u201cqueremos que esas familias se queden a vivir en Sierras Bayas<\/strong>. Por eso destrabamos ese macizo de tierras donado por la empresa ETA y ya comenzamos a generar los 100 lotes con servicios que ya fueron sorteados para familias sierrabayenses\u201d.<\/p>\n<p><img data-recalc-dims=\"1\" loading=\"lazy\" decoding=\"async\" class=\"alignnone size-full wp-image-185682\" src=\"https:\/\/i0.wp.com\/cdnoticias.com\/wp-content\/uploads\/2025\/10\/Aniversario-Sierras-Bayas-9.jpeg?resize=800%2C445&#038;ssl=1\" alt=\"\" width=\"800\" height=\"445\" srcset=\"https:\/\/i0.wp.com\/cdnoticias.com\/wp-content\/uploads\/2025\/10\/Aniversario-Sierras-Bayas-9.jpeg?w=1000&amp;ssl=1 1000w, https:\/\/i0.wp.com\/cdnoticias.com\/wp-content\/uploads\/2025\/10\/Aniversario-Sierras-Bayas-9.jpeg?resize=300%2C167&amp;ssl=1 300w, https:\/\/i0.wp.com\/cdnoticias.com\/wp-content\/uploads\/2025\/10\/Aniversario-Sierras-Bayas-9.jpeg?resize=768%2C427&amp;ssl=1 768w, https:\/\/i0.wp.com\/cdnoticias.com\/wp-content\/uploads\/2025\/10\/Aniversario-Sierras-Bayas-9.jpeg?resize=800%2C445&amp;ssl=1 800w\" sizes=\"auto, (max-width: 800px) 100vw, 800px\" \/><\/p>\n<p><img data-recalc-dims=\"1\" loading=\"lazy\" decoding=\"async\" class=\"alignnone size-full wp-image-185678\" src=\"https:\/\/i0.wp.com\/cdnoticias.com\/wp-content\/uploads\/2025\/10\/Aniversario-Sierras-Bayas-patricia-dietrich.jpeg?resize=800%2C445&#038;ssl=1\" alt=\"\" width=\"800\" height=\"445\" srcset=\"https:\/\/i0.wp.com\/cdnoticias.com\/wp-content\/uploads\/2025\/10\/Aniversario-Sierras-Bayas-patricia-dietrich.jpeg?w=1000&amp;ssl=1 1000w, https:\/\/i0.wp.com\/cdnoticias.com\/wp-content\/uploads\/2025\/10\/Aniversario-Sierras-Bayas-patricia-dietrich.jpeg?resize=300%2C167&amp;ssl=1 300w, https:\/\/i0.wp.com\/cdnoticias.com\/wp-content\/uploads\/2025\/10\/Aniversario-Sierras-Bayas-patricia-dietrich.jpeg?resize=768%2C427&amp;ssl=1 768w, https:\/\/i0.wp.com\/cdnoticias.com\/wp-content\/uploads\/2025\/10\/Aniversario-Sierras-Bayas-patricia-dietrich.jpeg?resize=800%2C445&amp;ssl=1 800w\" sizes=\"auto, (max-width: 800px) 100vw, 800px\" \/><\/p>\n<p>Previamente <strong>Patricia Dietrich, docente de la escuela Primaria 14 y Media N\u00ba 2<\/strong> e integrante del <strong>Rotary del distrito 4921<\/strong>, manifest\u00f3 con orgullo que <strong>\u201cSierras Bayas naci\u00f3 del esfuerzo, se forj\u00f3 con las manos callosas y el coraz\u00f3n valiente<\/strong> de aquellos inmigrantes checoslovacos, italianos, polacos, espa\u00f1oles que vinieron en busca de un futuro mejor. Ellos trajeron consigo no solo sus costumbres, sus lenguas, sus tradiciones, sino tambi\u00e9n el valor del trabajo, la cultura del esfuerzo, la esperanza de una vida digna. Fue aqu\u00ed, entre las piedras y los cerros donde encontraron ese porvenir. Y fue all\u00ed donde sembraron la semilla de una comunidad pujante, trabajadora y solidaria\u201d.<\/p>\n<p>Asimismo defini\u00f3 que<strong> \u201cnuestra historia est\u00e1 marcada profundamente por la miner\u00eda<\/strong>, sus caleras, sus canteras, actividades que no solo forjaron la econom\u00eda local, sino tambi\u00e9n la identidad de nuestro pueblo\u201d.<\/p>\n<blockquote><p>\u201cSomos un pueblo que honra su pasado, que reconoce el legado de quienes nos precedieron pero que tambi\u00e9n mira hacia adelante con la firme y convicci\u00f3n de seguir construyendo comunidad\u201d sostuvo la docente. Para el cierre dese\u00f3 \u201cque estos 146 estos a\u00f1os sean una nueva oportunidad para renovar el orgullo de ser parte de esta tierra, para fortalecer la identidad serrana y para seguir trabajando juntos en un futuro cada vez m\u00e1s justo, m\u00e1s inclusivo, m\u00e1s pr\u00f3spero para todos\u201d.<\/p><\/blockquote>\n<p><img data-recalc-dims=\"1\" loading=\"lazy\" decoding=\"async\" class=\"alignnone size-full wp-image-185681\" src=\"https:\/\/i0.wp.com\/cdnoticias.com\/wp-content\/uploads\/2025\/10\/Aniversario-Sierras-Bayas-2.jpeg?resize=800%2C445&#038;ssl=1\" alt=\"\" width=\"800\" height=\"445\" srcset=\"https:\/\/i0.wp.com\/cdnoticias.com\/wp-content\/uploads\/2025\/10\/Aniversario-Sierras-Bayas-2.jpeg?w=1000&amp;ssl=1 1000w, https:\/\/i0.wp.com\/cdnoticias.com\/wp-content\/uploads\/2025\/10\/Aniversario-Sierras-Bayas-2.jpeg?resize=300%2C167&amp;ssl=1 300w, https:\/\/i0.wp.com\/cdnoticias.com\/wp-content\/uploads\/2025\/10\/Aniversario-Sierras-Bayas-2.jpeg?resize=768%2C427&amp;ssl=1 768w, https:\/\/i0.wp.com\/cdnoticias.com\/wp-content\/uploads\/2025\/10\/Aniversario-Sierras-Bayas-2.jpeg?resize=800%2C445&amp;ssl=1 800w\" sizes=\"auto, (max-width: 800px) 100vw, 800px\" \/><\/p>\n<h3>La historia<\/h3>\n<p>Sierras Bayas fue<strong> fundada un 20 de octubre 1879<\/strong> como un enclave para la explotaci\u00f3n de la miner\u00eda en las laderas de las bajas sierras del Sistema de Tandilla, Sierras Bayas toma su nombre del color amarillento de la piedra que all\u00ed abunda, la dolomita.<\/p>\n<p>Convertida en un<strong> centro de producci\u00f3n de cemento<\/strong> a mediados del siglo XX, esta villa minera es un lugar imperdible para el visitante.<\/p>\n<p>En Sierras Bayas se puede caminar por onduladas callejuelas, visitar antiguas f\u00e1bricas de cal, hacer trekking por los senderos serranos, disfrutar de hermosas vistas desde lo alto de sus miradores, deslumbrarse con los lagos de cantera y adquirir t\u00edpicas artesan\u00edas y dulces regionales.<\/p>\n<p>Sierras Bayas es un lugar que cotidianamente permite descubrir la belleza y el encanto de una zona donde la magia, la aventura, el deporte, la cultura, el arte y los pueblos originarios, se unen con el desarrollo econ\u00f3mico.<\/p>\n","protected":false},"excerpt":{"rendered":"<p>Se realiz\u00f3 este lunes en la Plaza 17 de Octubre. El jefe comunal resalt\u00f3 la actividad minera y enumer\u00f3 medidas<\/p>\n","protected":false},"author":4,"featured_media":185679,"comment_status":"closed","ping_status":"closed","sticky":false,"template":"","format":"standard","meta":{"_jetpack_memberships_contains_paid_content":false,"footnotes":""},"categories":[5,1],"tags":[],"class_list":["post-185676","post","type-post","status-publish","format-standard","has-post-thumbnail","hentry","category-informacion-general","category-portada"],"jetpack_featured_media_url":"https:\/\/i0.wp.com\/cdnoticias.com\/wp-content\/uploads\/2025\/10\/Aniversario-Sierras-Bayas-1.jpeg?fit=1000%2C679&ssl=1","jetpack_sharing_enabled":true,"_links":{"self":[{"href":"https:\/\/cdnoticias.com\/index.php\/wp-json\/wp\/v2\/posts\/185676","targetHints":{"allow":["GET"]}}],"collection":[{"href":"https:\/\/cdnoticias.com\/index.php\/wp-json\/wp\/v2\/posts"}],"about":[{"href":"https:\/\/cdnoticias.com\/index.php\/wp-json\/wp\/v2\/types\/post"}],"author":[{"embeddable":true,"href":"https:\/\/cdnoticias.com\/index.php\/wp-json\/wp\/v2\/users\/4"}],"replies":[{"embeddable":true,"href":"https:\/\/cdnoticias.com\/index.php\/wp-json\/wp\/v2\/comments?post=185676"}],"version-history":[{"count":0,"href":"https:\/\/cdnoticias.com\/index.php\/wp-json\/wp\/v2\/posts\/185676\/revisions"}],"wp:featuredmedia":[{"embeddable":true,"href":"https:\/\/cdnoticias.com\/index.php\/wp-json\/wp\/v2\/media\/185679"}],"wp:attachment":[{"href":"https:\/\/cdnoticias.com\/index.php\/wp-json\/wp\/v2\/media?parent=185676"}],"wp:term":[{"taxonomy":"category","embeddable":true,"href":"https:\/\/cdnoticias.com\/index.php\/wp-json\/wp\/v2\/categories?post=185676"},{"taxonomy":"post_tag","embeddable":true,"href":"https:\/\/cdnoticias.com\/index.php\/wp-json\/wp\/v2\/tags?post=185676"}],"curies":[{"name":"wp","href":"https:\/\/api.w.org\/{rel}","templated":true}]}}