{"id":185670,"date":"2025-10-20T12:15:36","date_gmt":"2025-10-20T15:15:36","guid":{"rendered":"https:\/\/cdnoticias.com\/?p=185670"},"modified":"2025-10-20T16:03:37","modified_gmt":"2025-10-20T19:03:37","slug":"detenido-en-olavarria-lo-acusan-de-estafas-por-20-millones-de-pesos-en-la-pampa","status":"publish","type":"post","link":"https:\/\/cdnoticias.com\/index.php\/2025\/10\/20\/detenido-en-olavarria-lo-acusan-de-estafas-por-20-millones-de-pesos-en-la-pampa\/","title":{"rendered":"Detenido en Olavarr\u00eda: lo acusan de estafas por 20 millones de pesos en La Pampa"},"content":{"rendered":"<p>El fiscal Mat\u00edas Juan indic\u00f3 que enga\u00f1\u00f3 a dos v\u00edctimas con falsas permutas de veh\u00edculos: se qued\u00f3 con autos, motos y dinero. Fue detenido por orden de la justicia de la vecina provincia. Ser\u00e1 trasladado a General Pico esta semana.<!--more--><\/p>\n<hr \/>\n<p><strong>La semana pasada la Sub DDI de Olavarr\u00eda<\/strong> detuvo a un <strong>hombre imputado por la Justicia de la provincia de La Pampa<\/strong> <a href=\"https:\/\/cdnoticias.com\/index.php\/2025\/10\/17\/lo-buscaban-en-la-pampa-y-lo-detuvieron-en-olavarria\/\" target=\"_blank\" rel=\"noopener\">desde donde se hab\u00eda emitido la orden de captura.<\/a><\/p>\n<blockquote><p>El imputado, de 30 a\u00f1os, est\u00e1 acusado por hechos de estafa estimados en un total de 20 millones de pesos. Puntualmente, se lo acusa de cometer dos estafas contra vecinos de las localidades de General Pico y Bernardo Larroud\u00e9.<\/p><\/blockquote>\n<p>Seg\u00fan se detall\u00f3, la detenci\u00f3n se produjo tras una investigaci\u00f3n llevada a cabo por la <strong>fiscal\u00eda especializada en delitos econ\u00f3micos<\/strong> de la ciudad de General Pico que <strong>hab\u00eda solicitado su captura nacional en septiembre<\/strong>.<\/p>\n<p>El <strong>fiscal Mat\u00edas Juan<\/strong> brind\u00f3 detalles del caso en Infopico Radio. Inform\u00f3 que las<strong> denuncias fueron radicadas en el mes de julio<\/strong> por <strong>dos personas<\/strong> que hab\u00edan sido<strong> enga\u00f1adas en operaciones de compraventa de veh\u00edculos<\/strong>. El a<strong>cusado, de apellido Miguel<\/strong> y perteneciente a la comunidad z\u00edngara, les <strong>prometi\u00f3 una permuta de sus autos por camionetas, recibiendo adem\u00e1s una suma de dinero.<\/strong><\/p>\n<blockquote><p>\u201cLes entregaron en un caso un auto y una motocicleta, en otro caso un auto. Y resulta que esta persona nunca entreg\u00f3 las camionetas, nunca devolvi\u00f3 los veh\u00edculos, nunca devolvi\u00f3 el dinero\u201d detall\u00f3 Juan.<\/p><\/blockquote>\n<p>Tras concretar el enga\u00f1o, <strong>el hombre desapareci\u00f3 de General Pico<\/strong>, donde se encontraba temporalmente, <strong>utiliz\u00f3 un nombre falso y cambi\u00f3 su n\u00famero de tel\u00e9fono<\/strong> para evitar ser localizado por las v\u00edctimas.<\/p>\n<blockquote class=\"wp-embedded-content\" data-secret=\"Jv2fLhSMsE\"><p><a href=\"https:\/\/cdnoticias.com\/index.php\/2025\/10\/17\/lo-buscaban-en-la-pampa-y-lo-detuvieron-en-olavarria\/\">Lo buscaban en La Pampa y lo detuvieron en Olavarr\u00eda<\/a><\/p><\/blockquote>\n<p><iframe loading=\"lazy\" class=\"wp-embedded-content\" sandbox=\"allow-scripts\" security=\"restricted\" style=\"position: absolute; visibility: hidden;\" title=\"&#8220;Lo buscaban en La Pampa y lo detuvieron en Olavarr\u00eda&#8221; &#8212; Central de Noticias | Olavarr\u00eda\" src=\"https:\/\/cdnoticias.com\/index.php\/2025\/10\/17\/lo-buscaban-en-la-pampa-y-lo-detuvieron-en-olavarria\/embed\/#?secret=tBxsNb4NPo#?secret=Jv2fLhSMsE\" data-secret=\"Jv2fLhSMsE\" width=\"600\" height=\"338\" frameborder=\"0\" marginwidth=\"0\" marginheight=\"0\" scrolling=\"no\"><\/iframe><\/p>\n<blockquote><p>\u201cClaramente fue una estafa. Su idea era quedarse con veh\u00edculos que despu\u00e9s seguramente revende o ha revendido en otro lado obteniendo ganancias. Hay un ardid, hay un enga\u00f1o, hay una simulaci\u00f3n de una compraventa l\u00edcita, que no es as\u00ed\u201d afirm\u00f3 el fiscal.<\/p><\/blockquote>\n<p>El <strong>perjuicio econ\u00f3mico<\/strong> para las v\u00edctimas es considerable. De acuerdo a la investigaci\u00f3n, el valor de cada operaci\u00f3n,<strong> sumando los veh\u00edculos entregados y las transferencias de dinero<\/strong>, asciende a aproximadamente 10 millones de pesos, totalizando una estafa de <strong>20 millones de pesos<\/strong>.<\/p>\n<h2>Una detenci\u00f3n con resistencia<\/h2>\n<p>La <strong>investigaci\u00f3n de la fiscal\u00eda permiti\u00f3 determinar que el acusado se encontraba en Olavarr\u00eda<\/strong>, una ciudad donde se asienta su comunidad. Con la orden de captura nacional vigente, la polic\u00eda bonaerense procedi\u00f3 a su detenci\u00f3n en la v\u00eda p\u00fablica.<\/p>\n<blockquote><p>El procedimiento no fue sencillo. \u201cOpuso bastante resistencia. Fue bastante complicada su detenci\u00f3n, no quer\u00eda introducirse al patrullero\u201d relat\u00f3 el fiscal. Adem\u00e1s, inform\u00f3 que mujeres de su entorno, incluida su esposa, intentaron entorpecer la labor policial agrediendo a los efectivos. Finalmente, el hombre fue reducido y qued\u00f3 alojado en una comisar\u00eda de Olavarr\u00eda, donde seguramente enfrentar\u00e1 una causa adicional por resistencia a la autoridad.<\/p><\/blockquote>\n<p><strong>Se espera que el detenido sea trasladado a General Pico<\/strong> esta semana a trav\u00e9s de un <strong>procedimiento de extradici\u00f3n interprovincial<\/strong>. Una vez en la ciudad, ser\u00e1 sometido a la correspondiente declaraci\u00f3n de imputado para avanzar con el proceso judicial en su contra. El fiscal se\u00f1al\u00f3 que el hombre <strong>no cuenta con antecedentes condenatorios<\/strong> y no se descarta que, a trav\u00e9s de su abogado, pueda realizar un ofrecimiento reparatorio a las v\u00edctimas.<\/p>\n","protected":false},"excerpt":{"rendered":"<p>El fiscal Mat\u00edas Juan indic\u00f3 que enga\u00f1\u00f3 a dos v\u00edctimas con falsas permutas de veh\u00edculos: se qued\u00f3 con autos, motos<\/p>\n","protected":false},"author":4,"featured_media":185481,"comment_status":"closed","ping_status":"closed","sticky":false,"template":"","format":"standard","meta":{"_jetpack_memberships_contains_paid_content":false,"footnotes":""},"categories":[14,1],"tags":[],"class_list":["post-185670","post","type-post","status-publish","format-standard","has-post-thumbnail","hentry","category-policiales","category-portada"],"jetpack_featured_media_url":"https:\/\/i0.wp.com\/cdnoticias.com\/wp-content\/uploads\/2025\/10\/ituzaingo-4100-detenido-la-pampa-A.jpg?fit=1000%2C556&ssl=1","jetpack_sharing_enabled":true,"_links":{"self":[{"href":"https:\/\/cdnoticias.com\/index.php\/wp-json\/wp\/v2\/posts\/185670","targetHints":{"allow":["GET"]}}],"collection":[{"href":"https:\/\/cdnoticias.com\/index.php\/wp-json\/wp\/v2\/posts"}],"about":[{"href":"https:\/\/cdnoticias.com\/index.php\/wp-json\/wp\/v2\/types\/post"}],"author":[{"embeddable":true,"href":"https:\/\/cdnoticias.com\/index.php\/wp-json\/wp\/v2\/users\/4"}],"replies":[{"embeddable":true,"href":"https:\/\/cdnoticias.com\/index.php\/wp-json\/wp\/v2\/comments?post=185670"}],"version-history":[{"count":0,"href":"https:\/\/cdnoticias.com\/index.php\/wp-json\/wp\/v2\/posts\/185670\/revisions"}],"wp:featuredmedia":[{"embeddable":true,"href":"https:\/\/cdnoticias.com\/index.php\/wp-json\/wp\/v2\/media\/185481"}],"wp:attachment":[{"href":"https:\/\/cdnoticias.com\/index.php\/wp-json\/wp\/v2\/media?parent=185670"}],"wp:term":[{"taxonomy":"category","embeddable":true,"href":"https:\/\/cdnoticias.com\/index.php\/wp-json\/wp\/v2\/categories?post=185670"},{"taxonomy":"post_tag","embeddable":true,"href":"https:\/\/cdnoticias.com\/index.php\/wp-json\/wp\/v2\/tags?post=185670"}],"curies":[{"name":"wp","href":"https:\/\/api.w.org\/{rel}","templated":true}]}}