{"id":185668,"date":"2025-10-21T08:41:06","date_gmt":"2025-10-21T11:41:06","guid":{"rendered":"https:\/\/cdnoticias.com\/?p=185668"},"modified":"2025-10-21T10:17:29","modified_gmt":"2025-10-21T13:17:29","slug":"barrio-por-barrio-este-miercoles-estara-en-villa-mailin-y-provincias-unidas","status":"publish","type":"post","link":"https:\/\/cdnoticias.com\/index.php\/2025\/10\/21\/barrio-por-barrio-este-miercoles-estara-en-villa-mailin-y-provincias-unidas\/","title":{"rendered":"Barrio por Barrio: este mi\u00e9rcoles estar\u00e1 en Villa Mail\u00edn y Provincias Unidas"},"content":{"rendered":"\n<p>El punto de encuentro y gesti\u00f3n de tr\u00e1mites ser\u00e1, desde las 9:30 horas, el CAPS 22 &#8211; Servicio Municipal Territorial N\u00b0 6 de Balcarce y Mendoza.<\/p>\n\n\n\n<hr class=\"wp-block-separator has-alpha-channel-opacity\"\/>\n\n\n\n<p>Este<strong> mi\u00e9rcoles 22 de octubre<\/strong> se llevar\u00e1 a cabo una nueva jornada enmarcada en el <strong>Programa Municipal e itinerante \u201cBarrio por Barrio\u201d,<\/strong> el dispositivo de abordaje integral que todas las semanas recorre distintos puntos del Partido, acercando a la comunidad la gesti\u00f3n de tr\u00e1mites y respuestas en general.<\/p>\n\n\n\n<p><\/p>\n\n\n\n<p>En esta ocasi\u00f3n ser\u00e1 el turno de los<strong> barrios Villa Mail\u00edn y Provincias Unidas, <\/strong>por lo que se invita a vecinos y vecinas de ese punto de la ciudad y sectores aleda\u00f1os a acercarse<strong> a partir de las 9:30 horas al CAPS 22 \u2013 Servicio Municipal Territorial N\u00b0 6, de Balcarce y Mendoza<\/strong>, donde se dispondr\u00e1n puestos de atenci\u00f3n de numerosas \u00e1reas municipales.<\/p>\n\n\n\n<p><\/p>\n\n\n\n<p>Como es habitual, se podr\u00e1 acceder a los siguientes servicios:<\/p>\n\n\n\n<p><\/p>\n\n\n\n<p>\u2013 SUBE<\/p>\n\n\n\n<p>\u2013 Asesoramiento m\u00e9dico y puesto de vacunaci\u00f3n.<\/p>\n\n\n\n<p>\u2013 Vacunaci\u00f3n antirr\u00e1bica canina y felina<\/p>\n\n\n\n<p>\u2013 Validaci\u00f3n de identidad app Mi Argentina<\/p>\n\n\n\n<p>\u2013 Asesoramiento e inscripci\u00f3n a los programas M\u00e1s Vida y PAAC (personas con celiaqu\u00eda)<\/p>\n\n\n\n<p>\u2013 Inscripci\u00f3n a Maternales, Centros de D\u00eda, Envi\u00f3n y Callejeadas<\/p>\n\n\n\n<p>\u2013 Atenci\u00f3n de las oficinas de Defensa del Consumidor, Relaciones Vecinales, Casa de Tierras y Regularizaci\u00f3n Dominial, Desarrollo Social, mujeres, G\u00e9neros y Diversidades y Empleo.<\/p>\n\n\n\n<p><\/p>\n\n\n\n<p>En paralelo, se desplegar\u00e1 el habitual<strong> dispositivo puerta a puerta<\/strong> en el que se dialogar\u00e1 con vecinos y vecinas para conocer sus inquietudes y necesidades, las cuales ser\u00e1n remitidas a las \u00e1reas municipales correspondientes. Asimismo, se brindar\u00e1 informaci\u00f3n de inter\u00e9s, v\u00edas de comunicaci\u00f3n, entre otros.<\/p>\n\n\n\n<p><\/p>\n\n\n\n<p>Por su parte, <strong>distintos equipos de trabajo llevar\u00e1n adelante tareas de materia de limpieza, como as\u00ed tambi\u00e9n mantenimiento de calles y espacios p\u00fablicos. <\/strong>Se trabaja de manera simult\u00e1nea y complementaria con personal de empresas que brindan servicios para el Municipio, como Coopelectric y Transportes Malvinas, para una respuesta integral.<\/p>\n\n\n\n<p><\/p>\n\n\n\n<p>Este tipo de jornadas territoriales plantean un<strong> abordaje integral,<\/strong> para lo cual se dispone de la participaci\u00f3n del Intendente y los funcionarios del gabinete, junto con personal de las distintas \u00e1reas de gesti\u00f3n municipal: Salud, Educaci\u00f3n, Protecci\u00f3n Ciudadana, Obras P\u00fablicas, Desarrollo de la Comunidad, Defensa al Consumidor, Asuntos Legales, entre otras \u00e1reas.<\/p>\n","protected":false},"excerpt":{"rendered":"<p>El punto de encuentro y gesti\u00f3n de tr\u00e1mites ser\u00e1, desde las 9:30 horas, el CAPS 22 &#8211; Servicio Municipal Territorial<\/p>\n","protected":false},"author":5,"featured_media":177555,"comment_status":"closed","ping_status":"closed","sticky":false,"template":"","format":"standard","meta":{"_jetpack_memberships_contains_paid_content":false,"footnotes":""},"categories":[5,1],"tags":[],"class_list":["post-185668","post","type-post","status-publish","format-standard","has-post-thumbnail","hentry","category-informacion-general","category-portada"],"jetpack_featured_media_url":"https:\/\/i0.wp.com\/cdnoticias.com\/wp-content\/uploads\/2025\/07\/Barrio-x-Barrio-Evita-Bancario-3-6-scaled-1.jpg?fit=2560%2C1703&ssl=1","jetpack_sharing_enabled":true,"_links":{"self":[{"href":"https:\/\/cdnoticias.com\/index.php\/wp-json\/wp\/v2\/posts\/185668","targetHints":{"allow":["GET"]}}],"collection":[{"href":"https:\/\/cdnoticias.com\/index.php\/wp-json\/wp\/v2\/posts"}],"about":[{"href":"https:\/\/cdnoticias.com\/index.php\/wp-json\/wp\/v2\/types\/post"}],"author":[{"embeddable":true,"href":"https:\/\/cdnoticias.com\/index.php\/wp-json\/wp\/v2\/users\/5"}],"replies":[{"embeddable":true,"href":"https:\/\/cdnoticias.com\/index.php\/wp-json\/wp\/v2\/comments?post=185668"}],"version-history":[{"count":0,"href":"https:\/\/cdnoticias.com\/index.php\/wp-json\/wp\/v2\/posts\/185668\/revisions"}],"wp:featuredmedia":[{"embeddable":true,"href":"https:\/\/cdnoticias.com\/index.php\/wp-json\/wp\/v2\/media\/177555"}],"wp:attachment":[{"href":"https:\/\/cdnoticias.com\/index.php\/wp-json\/wp\/v2\/media?parent=185668"}],"wp:term":[{"taxonomy":"category","embeddable":true,"href":"https:\/\/cdnoticias.com\/index.php\/wp-json\/wp\/v2\/categories?post=185668"},{"taxonomy":"post_tag","embeddable":true,"href":"https:\/\/cdnoticias.com\/index.php\/wp-json\/wp\/v2\/tags?post=185668"}],"curies":[{"name":"wp","href":"https:\/\/api.w.org\/{rel}","templated":true}]}}