{"id":185662,"date":"2025-10-20T11:26:41","date_gmt":"2025-10-20T14:26:41","guid":{"rendered":"https:\/\/cdnoticias.com\/?p=185662"},"modified":"2025-10-20T13:43:44","modified_gmt":"2025-10-20T16:43:44","slug":"hcd-casi-toda-la-oposicion-propuso-declarar-la-emergencia-en-seguridad-en-olavarria","status":"publish","type":"post","link":"https:\/\/cdnoticias.com\/index.php\/2025\/10\/20\/hcd-casi-toda-la-oposicion-propuso-declarar-la-emergencia-en-seguridad-en-olavarria\/","title":{"rendered":"HCD: casi toda la oposici\u00f3n propuso declarar la \u201cemergencia en seguridad\u201d en Olavarr\u00eda"},"content":{"rendered":"<p>La medida regir\u00eda por 180 d\u00edas. Se plante\u00f3 \u201cla creciente preocupaci\u00f3n de la comunidad por los hechos de inseguridad\u201d. El contenido de la propuesta.<!--more--><\/p>\n<hr \/>\n<p><strong>Gran parte de los bloques de la oposici\u00f3n<\/strong> en el Concejo Deliberante propusieron <strong>declarar la \u201cemergencia en seguridad\u201d<\/strong> a trav\u00e9s de un proyecto presentado este lunes.<\/p>\n<blockquote><p>Seg\u00fan se dio a conocer \u201cante la creciente preocupaci\u00f3n de la comunidad por los hechos de inseguridad registrados en el Partido de Olavarr\u00eda \u2014tanto en el \u00e1rea urbana como rural\u2014 concejales opositores presentaron un proyecto de ordenanza que propone declarar la Emergencia en Seguridad por 180 d\u00edas\u201d.<\/p><\/blockquote>\n<p>Se explic\u00f3 que la iniciativa \u201cbusca <strong>fortalecer la protecci\u00f3n de los vecinos<\/strong>, <strong>optimizar los recursos disponibles<\/strong> y promover acciones concretas de <strong>prevenci\u00f3n y abordaje del delito<\/strong>, en un contexto de <strong>aumento sostenido de hechos delictivos<\/strong> que afectan la vida cotidiana de los olavarrienses\u201d.<\/p>\n<p>De la presentaci\u00f3n participaron representantes de los<strong> bloques Pro-ERF, Juntos por Olavarr\u00eda, Por M\u00e1s Libertad y UCR<\/strong>. Tambi\u00e9n estuvo <strong>uno de los concejales electos por La Libertad Avanza<\/strong>.<\/p>\n<p><img data-recalc-dims=\"1\" loading=\"lazy\" decoding=\"async\" class=\"alignnone size-full wp-image-185666 aligncenter\" src=\"https:\/\/i0.wp.com\/cdnoticias.com\/wp-content\/uploads\/2025\/10\/HCD-emergencia-en-seguridad-01.jpg?resize=800%2C445&#038;ssl=1\" alt=\"\" width=\"800\" height=\"445\" srcset=\"https:\/\/i0.wp.com\/cdnoticias.com\/wp-content\/uploads\/2025\/10\/HCD-emergencia-en-seguridad-01.jpg?w=1000&amp;ssl=1 1000w, https:\/\/i0.wp.com\/cdnoticias.com\/wp-content\/uploads\/2025\/10\/HCD-emergencia-en-seguridad-01.jpg?resize=300%2C167&amp;ssl=1 300w, https:\/\/i0.wp.com\/cdnoticias.com\/wp-content\/uploads\/2025\/10\/HCD-emergencia-en-seguridad-01.jpg?resize=768%2C427&amp;ssl=1 768w, https:\/\/i0.wp.com\/cdnoticias.com\/wp-content\/uploads\/2025\/10\/HCD-emergencia-en-seguridad-01.jpg?resize=800%2C445&amp;ssl=1 800w\" sizes=\"auto, (max-width: 800px) 100vw, 800px\" \/><\/p>\n<h3>El proyecto<\/h3>\n<p>El proyecto establece que, una vez promulgada la medida, el Departamento Ejecutivo deber\u00e1 elaborar <strong>un \u201cdiagn\u00f3stico exhaustivo de la situaci\u00f3n de seguridad en el distrito en un plazo m\u00e1ximo de quince d\u00edas\u201d<\/strong>.<\/p>\n<p>Plantearon que dicho<strong> informe<\/strong> deber\u00e1 incluir:<\/p>\n<ul>\n<li>Un relevamiento actualizado de los delitos denunciados.<\/li>\n<li>El mapa del delito con informaci\u00f3n georreferenciada.<\/li>\n<li>Detalle del funcionamiento del Centro de Monitoreo y las c\u00e1maras activas.<\/li>\n<li>Estado de los recursos humanos y materiales disponibles.<\/li>\n<li>Ejecuci\u00f3n presupuestaria del \u00e1rea de Seguridad Ciudadana y utilizaci\u00f3n del Fondo Provincial de Fortalecimiento en Seguridad.<\/li>\n<\/ul>\n<p>Durante el per\u00edodo de Emergencia, el Ejecutivo quedar\u00e1 facultado para realizar <strong>contrataciones y reasignaciones presupuestarias<\/strong> de manera \u00e1gil y transparente, con el objetivo de reforzar las acciones preventivas. Deber\u00e1, adem\u00e1s, <strong>informar quincenalmente<\/strong> al Honorable Concejo Deliberante y al Consejo de Seguridad Municipal sobre los<strong> avances del plan<\/strong>.<\/p>\n<p>La propuesta tambi\u00e9n plantea<strong> fortalecer los canales de comunicaci\u00f3n<\/strong> con la comunidad, potenciar el programa Vecinos en Red e impulsar la participaci\u00f3n ciudadana en la prevenci\u00f3n del delito.<\/p>\n<p>Por su parte, el<strong> Consejo de Seguridad Municipal<\/strong> tendr\u00e1 un rol activo en el seguimiento del diagn\u00f3stico, la coordinaci\u00f3n con las fuerzas de seguridad y el desarrollo de campa\u00f1as de concientizaci\u00f3n y capacitaci\u00f3n.<\/p>\n<p>Desde los bloques autores del proyecto destacaron que la iniciativa \u201cbusca <strong>coordinar esfuerzos, optimizar recursos y priorizar la seguridad de los olavarrienses<\/strong>, que hoy sienten que han perdido la tranquilidad tanto en la ciudad como en el campo\u201d.<\/p>\n","protected":false},"excerpt":{"rendered":"<p>La medida regir\u00eda por 180 d\u00edas. Se plante\u00f3 \u201cla creciente preocupaci\u00f3n de la comunidad por los hechos de inseguridad\u201d. El<\/p>\n","protected":false},"author":4,"featured_media":185665,"comment_status":"closed","ping_status":"closed","sticky":false,"template":"","format":"standard","meta":{"_jetpack_memberships_contains_paid_content":false,"footnotes":""},"categories":[4,1],"tags":[],"class_list":["post-185662","post","type-post","status-publish","format-standard","has-post-thumbnail","hentry","category-politica","category-portada"],"jetpack_featured_media_url":"https:\/\/i0.wp.com\/cdnoticias.com\/wp-content\/uploads\/2025\/10\/HCD-emergencia-en-seguridad-00.jpg?fit=1000%2C556&ssl=1","jetpack_sharing_enabled":true,"_links":{"self":[{"href":"https:\/\/cdnoticias.com\/index.php\/wp-json\/wp\/v2\/posts\/185662","targetHints":{"allow":["GET"]}}],"collection":[{"href":"https:\/\/cdnoticias.com\/index.php\/wp-json\/wp\/v2\/posts"}],"about":[{"href":"https:\/\/cdnoticias.com\/index.php\/wp-json\/wp\/v2\/types\/post"}],"author":[{"embeddable":true,"href":"https:\/\/cdnoticias.com\/index.php\/wp-json\/wp\/v2\/users\/4"}],"replies":[{"embeddable":true,"href":"https:\/\/cdnoticias.com\/index.php\/wp-json\/wp\/v2\/comments?post=185662"}],"version-history":[{"count":0,"href":"https:\/\/cdnoticias.com\/index.php\/wp-json\/wp\/v2\/posts\/185662\/revisions"}],"wp:featuredmedia":[{"embeddable":true,"href":"https:\/\/cdnoticias.com\/index.php\/wp-json\/wp\/v2\/media\/185665"}],"wp:attachment":[{"href":"https:\/\/cdnoticias.com\/index.php\/wp-json\/wp\/v2\/media?parent=185662"}],"wp:term":[{"taxonomy":"category","embeddable":true,"href":"https:\/\/cdnoticias.com\/index.php\/wp-json\/wp\/v2\/categories?post=185662"},{"taxonomy":"post_tag","embeddable":true,"href":"https:\/\/cdnoticias.com\/index.php\/wp-json\/wp\/v2\/tags?post=185662"}],"curies":[{"name":"wp","href":"https:\/\/api.w.org\/{rel}","templated":true}]}}