{"id":185661,"date":"2025-10-20T11:22:31","date_gmt":"2025-10-20T14:22:31","guid":{"rendered":"https:\/\/cdnoticias.com\/?p=185661"},"modified":"2025-10-20T11:22:33","modified_gmt":"2025-10-20T14:22:33","slug":"ruta-51-un-camion-portavehiculos-volco-entre-tapalque-y-alvear","status":"publish","type":"post","link":"https:\/\/cdnoticias.com\/index.php\/2025\/10\/20\/ruta-51-un-camion-portavehiculos-volco-entre-tapalque-y-alvear\/","title":{"rendered":"Ruta 51: un cami\u00f3n portaveh\u00edculos volc\u00f3 entre Tapalqu\u00e9 y Alvear"},"content":{"rendered":"\n<p>Fue durante la ma\u00f1ana de este lunes. El siniestro vial provoc\u00f3 un corte total de tr\u00e1nsito.<\/p>\n\n\n\n<hr class=\"wp-block-separator has-alpha-channel-opacity\"\/>\n\n\n\n<p>Un cami\u00f3n que circulaba cargado de autom\u00f3viles volc\u00f3 durante la ma\u00f1ana de este lunes sobre la ruta provincial N\u00b0 51, <strong>quedando atravesado sobre la calzada y provocando la interrupci\u00f3n total del tr\u00e1nsito entre las localidades de Tapalqu\u00e9 y General Alvear.<\/strong><\/p>\n\n\n\n<p><\/p>\n\n\n\n<p>El hecho<strong> ocurri\u00f3 alrededor de las 9:20 horas<\/strong>, cuando los Bomberos Voluntarios de Tapalqu\u00e9 fueron convocados de urgencia tras el aviso del siniestro.<\/p>\n\n\n\n<p><\/p>\n\n\n\n<p>Por causas que a\u00fan se investigan,<strong> el cami\u00f3n perdi\u00f3 estabilidad y termin\u00f3 volcando<\/strong>, lo que ocasion\u00f3 que dos de los veh\u00edculos que transportaba se desprendieran y cayeran sobre la ruta, mientras que el resto permaneci\u00f3 en el acoplado.<\/p>\n\n\n\n<p><\/p>\n\n\n\n<p>A ra\u00edz del incidente, se registraron demoras y cortes parciales en el tr\u00e1nsito hasta que el veh\u00edculo pudo ser removido. <strong>Afortunadamente, el conductor del cami\u00f3n result\u00f3 ileso y no se registraron v\u00edctimas ni heridos.<\/strong><\/p>\n\n\n\n<p><\/p>\n\n\n\n<p><em>Fuente: Noticias Las Flores<\/em><\/p>\n","protected":false},"excerpt":{"rendered":"<p>Fue durante la ma\u00f1ana de este lunes. El siniestro vial provoc\u00f3 un corte total de tr\u00e1nsito. Un cami\u00f3n que circulaba<\/p>\n","protected":false},"author":5,"featured_media":185663,"comment_status":"closed","ping_status":"closed","sticky":false,"template":"","format":"standard","meta":{"_jetpack_memberships_contains_paid_content":false,"footnotes":""},"categories":[6,1],"tags":[],"class_list":["post-185661","post","type-post","status-publish","format-standard","has-post-thumbnail","hentry","category-nacionales","category-portada"],"jetpack_featured_media_url":"https:\/\/i0.wp.com\/cdnoticias.com\/wp-content\/uploads\/2025\/10\/Corte-Ruta-51-768x431-1.jpeg?fit=768%2C431&ssl=1","jetpack_sharing_enabled":true,"_links":{"self":[{"href":"https:\/\/cdnoticias.com\/index.php\/wp-json\/wp\/v2\/posts\/185661","targetHints":{"allow":["GET"]}}],"collection":[{"href":"https:\/\/cdnoticias.com\/index.php\/wp-json\/wp\/v2\/posts"}],"about":[{"href":"https:\/\/cdnoticias.com\/index.php\/wp-json\/wp\/v2\/types\/post"}],"author":[{"embeddable":true,"href":"https:\/\/cdnoticias.com\/index.php\/wp-json\/wp\/v2\/users\/5"}],"replies":[{"embeddable":true,"href":"https:\/\/cdnoticias.com\/index.php\/wp-json\/wp\/v2\/comments?post=185661"}],"version-history":[{"count":0,"href":"https:\/\/cdnoticias.com\/index.php\/wp-json\/wp\/v2\/posts\/185661\/revisions"}],"wp:featuredmedia":[{"embeddable":true,"href":"https:\/\/cdnoticias.com\/index.php\/wp-json\/wp\/v2\/media\/185663"}],"wp:attachment":[{"href":"https:\/\/cdnoticias.com\/index.php\/wp-json\/wp\/v2\/media?parent=185661"}],"wp:term":[{"taxonomy":"category","embeddable":true,"href":"https:\/\/cdnoticias.com\/index.php\/wp-json\/wp\/v2\/categories?post=185661"},{"taxonomy":"post_tag","embeddable":true,"href":"https:\/\/cdnoticias.com\/index.php\/wp-json\/wp\/v2\/tags?post=185661"}],"curies":[{"name":"wp","href":"https:\/\/api.w.org\/{rel}","templated":true}]}}