{"id":185635,"date":"2025-10-19T19:51:32","date_gmt":"2025-10-19T22:51:32","guid":{"rendered":"https:\/\/cdnoticias.com\/?p=185635"},"modified":"2025-10-19T19:51:34","modified_gmt":"2025-10-19T22:51:34","slug":"la-corte-suprema-anulo-el-sobreseimiento-del-ex-legislador-provincial-azuleno-mario-caputo","status":"publish","type":"post","link":"https:\/\/cdnoticias.com\/index.php\/2025\/10\/19\/la-corte-suprema-anulo-el-sobreseimiento-del-ex-legislador-provincial-azuleno-mario-caputo\/","title":{"rendered":"La Corte Suprema anul\u00f3 el sobreseimiento del ex legislador provincial azule\u00f1o Mario Caputo"},"content":{"rendered":"<p>El ex legislador provincial del Frente para la Victoria, oriundo de Azul, est\u00e1 acusado de simular un contrato de servicios para apropiarse de remuneraciones.<!--more--><\/p>\n<hr \/>\n<p>La<strong> Corte Suprema de Justicia de la Naci\u00f3n revoc\u00f3<\/strong> una resoluci\u00f3n que hab\u00eda confirmado el <strong>sobreseimiento del azule\u00f1o Mario Daniel Caputo, exdiputado bonaerense<\/strong>, acusado de haber <em>simulado la contrataci\u00f3n de una empleada en la C\u00e1mara baja <\/em>para apropiarse de los fondos correspondientes.<\/p>\n<p>Caputo, de 58 a\u00f1os, <strong>integr\u00f3 la C\u00e1mara de Diputados de la Provincia de Buenos Aires entre 2011 y 2015<\/strong>, representando a la 7\u00aa secci\u00f3n por el bloque Frente para la Victoria. Adem\u00e1s de su rol como legislador, el pol\u00edtico se desempe\u00f1\u00f3 como secretario de Desarrollo Institucional de la Defensor\u00eda del Pueblo bonaerense en 2017 y, m\u00e1s tarde, fue<em> asesor ejecutivo del Ministerio de Educaci\u00f3n de la Naci\u00f3n desde septiembre de 2021 hasta el final del mandato presidencial de Alberto Fern\u00e1ndez<\/em>.<\/p>\n<h3>V\u00ednculo con Azul y la acusaci\u00f3n<\/h3>\n<p>El ex legislador es un nombre conocido en la ciudad de Azul, ya que<strong> fue precandidato a intendente de Azul por el Frente para la Victoria<\/strong>, quedando segundo en la interna de 2015.<\/p>\n<blockquote><p>La acusaci\u00f3n principal sostiene que Caputo incorpor\u00f3 irregularmente a la planta de empleados temporarios de la C\u00e1mara de Diputados bonaerense a una joven de Azul. El ex diputado habr\u00eda proporcionado los datos personales de la damnificada sin su consentimiento para celebrar un contrato de locaci\u00f3n de servicios, con el objetivo de quedarse con la remuneraci\u00f3n durante casi un a\u00f1o.<\/p><\/blockquote>\n<p>La maniobra investigada es considerada <em>similar a la que se atribuye a Julio &#8220;Chocolate&#8221; Rigau<\/em>, tambi\u00e9n en el \u00e1mbito de la Legislatura de La Plata.<\/p>\n<h4>Intervenci\u00f3n de la Corte<\/h4>\n<p>Previamente, <strong>la Suprema Corte bonaerense hab\u00eda declarado inadmisible el recurso presentado por el Ministerio P\u00fablico Fiscal<\/strong> por considerarlo extempor\u00e1neo, manteniendo el sobreseimiento.<\/p>\n<blockquote><p>Sin embargo, el procurador general bonaerense, Julio Conte Grand, present\u00f3 una queja ante la Corte Suprema de Justicia de la Naci\u00f3n. Los ministros Ricardo Lorenzetti, Carlos Rosenkrantz y Horacio Rosatti firmaron la decisi\u00f3n el jueves pasado, dejando sin efecto la sentencia provincial y haciendo lugar al planteo de Conte Grand.<\/p><\/blockquote>\n<p>El fallo<strong> obliga al tribunal provincial a revisar los planteos de la fiscal\u00eda<\/strong> sobre la temporaneidad del recurso para que el tr\u00e1mite penal pueda continuar conforme a derecho.<\/p>\n<p>Fuente: <em>Diario El Tiempo e Infobae<\/em><\/p>\n","protected":false},"excerpt":{"rendered":"<p>El ex legislador provincial del Frente para la Victoria, oriundo de Azul, est\u00e1 acusado de simular un contrato de servicios<\/p>\n","protected":false},"author":4,"featured_media":185636,"comment_status":"closed","ping_status":"closed","sticky":false,"template":"","format":"standard","meta":{"_jetpack_memberships_contains_paid_content":false,"footnotes":""},"categories":[6,1],"tags":[],"class_list":["post-185635","post","type-post","status-publish","format-standard","has-post-thumbnail","hentry","category-nacionales","category-portada"],"jetpack_featured_media_url":"https:\/\/i0.wp.com\/cdnoticias.com\/wp-content\/uploads\/2025\/10\/el-tiempo-diputado-Mario-Daniel-Caputo.jpg?fit=955%2C537&ssl=1","jetpack_sharing_enabled":true,"_links":{"self":[{"href":"https:\/\/cdnoticias.com\/index.php\/wp-json\/wp\/v2\/posts\/185635","targetHints":{"allow":["GET"]}}],"collection":[{"href":"https:\/\/cdnoticias.com\/index.php\/wp-json\/wp\/v2\/posts"}],"about":[{"href":"https:\/\/cdnoticias.com\/index.php\/wp-json\/wp\/v2\/types\/post"}],"author":[{"embeddable":true,"href":"https:\/\/cdnoticias.com\/index.php\/wp-json\/wp\/v2\/users\/4"}],"replies":[{"embeddable":true,"href":"https:\/\/cdnoticias.com\/index.php\/wp-json\/wp\/v2\/comments?post=185635"}],"version-history":[{"count":0,"href":"https:\/\/cdnoticias.com\/index.php\/wp-json\/wp\/v2\/posts\/185635\/revisions"}],"wp:featuredmedia":[{"embeddable":true,"href":"https:\/\/cdnoticias.com\/index.php\/wp-json\/wp\/v2\/media\/185636"}],"wp:attachment":[{"href":"https:\/\/cdnoticias.com\/index.php\/wp-json\/wp\/v2\/media?parent=185635"}],"wp:term":[{"taxonomy":"category","embeddable":true,"href":"https:\/\/cdnoticias.com\/index.php\/wp-json\/wp\/v2\/categories?post=185635"},{"taxonomy":"post_tag","embeddable":true,"href":"https:\/\/cdnoticias.com\/index.php\/wp-json\/wp\/v2\/tags?post=185635"}],"curies":[{"name":"wp","href":"https:\/\/api.w.org\/{rel}","templated":true}]}}