{"id":185630,"date":"2025-10-19T19:37:51","date_gmt":"2025-10-19T22:37:51","guid":{"rendered":"https:\/\/cdnoticias.com\/?p=185630"},"modified":"2025-10-19T19:37:53","modified_gmt":"2025-10-19T22:37:53","slug":"las-ventas-por-el-dia-de-la-madre-2025-bajaron-35-anual","status":"publish","type":"post","link":"https:\/\/cdnoticias.com\/index.php\/2025\/10\/19\/las-ventas-por-el-dia-de-la-madre-2025-bajaron-35-anual\/","title":{"rendered":"Las ventas por el D\u00eda de la Madre 2025 bajaron 3,5% anual"},"content":{"rendered":"<p>Lo inform\u00f3 CAME al dar a conocer el \u00edndice de ventas minoristas que present\u00f3 como el cuarto descenso interanual consecutivo. Advirti\u00f3 por \u201cuna p\u00e9rdida general de poder adquisitivo\u201d.<!--more--><\/p>\n<hr \/>\n<p>Las<strong> ventas en los comercios minoristas pymes<\/strong> durante el <strong>D\u00eda de la Madre<\/strong> mostraron una<strong> retracci\u00f3n del 3,5%<\/strong> frente al mismo per\u00edodo del a\u00f1o anterior, medidas a precios constantes.<\/p>\n<p>As\u00ed lo inform\u00f3 la<strong> Confederaci\u00f3n Argentina de la Mediana Empresa (CAME)<\/strong>. \u201cSe trata del <strong>cuarto descenso interanual consecutivo<\/strong>, asociado al <strong>deterioro del poder de compra de los hogares<\/strong> y a <strong>una fecha que, en la actualidad, no logra impulsar de manera significativa el consumo minorista\u201d<\/strong> sostuvo el organismo.<\/p>\n<p><img data-recalc-dims=\"1\" loading=\"lazy\" decoding=\"async\" class=\"alignnone size-full wp-image-185632 aligncenter\" src=\"https:\/\/i0.wp.com\/cdnoticias.com\/wp-content\/uploads\/2025\/10\/CAME-dia-de-la-madre-ventas-2025-a.jpg?resize=800%2C445&#038;ssl=1\" alt=\"\" width=\"800\" height=\"445\" srcset=\"https:\/\/i0.wp.com\/cdnoticias.com\/wp-content\/uploads\/2025\/10\/CAME-dia-de-la-madre-ventas-2025-a.jpg?w=900&amp;ssl=1 900w, https:\/\/i0.wp.com\/cdnoticias.com\/wp-content\/uploads\/2025\/10\/CAME-dia-de-la-madre-ventas-2025-a.jpg?resize=300%2C167&amp;ssl=1 300w, https:\/\/i0.wp.com\/cdnoticias.com\/wp-content\/uploads\/2025\/10\/CAME-dia-de-la-madre-ventas-2025-a.jpg?resize=768%2C428&amp;ssl=1 768w, https:\/\/i0.wp.com\/cdnoticias.com\/wp-content\/uploads\/2025\/10\/CAME-dia-de-la-madre-ventas-2025-a.jpg?resize=800%2C445&amp;ssl=1 800w\" sizes=\"auto, (max-width: 800px) 100vw, 800px\" \/><\/p>\n<p>En las ventas para la fecha conmemorativa de este domingo<strong> el ticket promedio alcanz\u00f3 los $ 37.124<\/strong>, lo que representa un incremento nominal del 9,8% frente a los $ 33.819 registrados en 2024. Sin embargo, <strong>al ajustar por inflaci\u00f3n, la variaci\u00f3n real es negativa en 16,7%<\/strong>, lo que indica que las familias destinaron menos dinero que el a\u00f1o pasado para celebrar el D\u00eda de la Madre.<\/p>\n<p>\u201cA pesar de que el<strong> 83,5% de los comercios aplic\u00f3 descuentos, promociones y cuotas sin inter\u00e9s<\/strong>, las ventas no lograron repuntar en t\u00e9rminos reales. La amplia adopci\u00f3n de estrategias comerciales \u2013como reintegros bancarios, ofertas cruzadas y financiaci\u00f3n extendida\u2013 permiti\u00f3<strong> sostener el movimiento en algunos rubros, pero sin traducirse en un aumento del consumo efectivo<\/strong>\u201d detall\u00f3 CAME.<\/p>\n<blockquote><p>Consider\u00f3 que \u201cel resultado refleja una p\u00e9rdida general de poder adquisitivo y un contexto en el que el gasto de los hogares contin\u00faa condicionado por la restricci\u00f3n del ingreso real. Los comercios buscaron atraer demanda a trav\u00e9s de precios promocionales, pero el p\u00fablico prioriz\u00f3 productos de menor valor y compras m\u00e1s planificadas\u201d.<\/p><\/blockquote>\n<p><img data-recalc-dims=\"1\" loading=\"lazy\" decoding=\"async\" class=\"alignnone size-full wp-image-185631 aligncenter\" src=\"https:\/\/i0.wp.com\/cdnoticias.com\/wp-content\/uploads\/2025\/10\/CAME-dia-de-la-madre-ventas-2025.jpg?resize=800%2C333&#038;ssl=1\" alt=\"\" width=\"800\" height=\"333\" srcset=\"https:\/\/i0.wp.com\/cdnoticias.com\/wp-content\/uploads\/2025\/10\/CAME-dia-de-la-madre-ventas-2025.jpg?w=900&amp;ssl=1 900w, https:\/\/i0.wp.com\/cdnoticias.com\/wp-content\/uploads\/2025\/10\/CAME-dia-de-la-madre-ventas-2025.jpg?resize=300%2C125&amp;ssl=1 300w, https:\/\/i0.wp.com\/cdnoticias.com\/wp-content\/uploads\/2025\/10\/CAME-dia-de-la-madre-ventas-2025.jpg?resize=768%2C320&amp;ssl=1 768w\" sizes=\"auto, (max-width: 800px) 100vw, 800px\" \/><\/p>\n<p>Por otra parte, el<strong> 41,7% de los comercios se\u00f1al\u00f3 que las ventas se ubicaron en niveles similares a los esperados<\/strong>, mientras que un 35% registr\u00f3 resultados inferiores y cerca del 23% logr\u00f3 superar sus previsiones. En conjunto, los datos reflejan <strong>un desempe\u00f1o moderado<\/strong>, sin grandes sorpresas, donde las expectativas del sector ya anticipaban un movimiento acotado. La fecha mantuvo su relevancia comercial, aunque sin un impulso significativo que lograra revertir la tendencia general de consumo contenido.<\/p>\n<p>A precios constantes, la comparaci\u00f3n entre el D\u00eda de la Madre 2024 y 2025 muestra que, aunque los valores nominales subieron, en t\u00e9rminos reales<strong> la mayor\u00eda de los rubros registr\u00f3 ca\u00eddas<\/strong>. Los <strong>electrodom\u00e9sticos y art\u00edculos para el hogar<\/strong> retrocedieron un 8,4% real, reflejando que el consumo de bienes durables sigue siendo uno de los m\u00e1s afectados por la p\u00e9rdida de poder adquisitivo. <strong>Calzado y marroquiner\u00eda<\/strong> se mantuvo pr\u00e1cticamente estable, con una leve mejora del 1,8%, mientras que <strong>indumentaria<\/strong> cay\u00f3 5,3%, evidenciando que, pese a las promociones, el p\u00fablico opt\u00f3 por regalos de menor valor o directamente redujo el gasto.<\/p>\n<p>El <strong>rubro tecnol\u00f3gico<\/strong> fue el \u00fanico que logr\u00f3 crecer en t\u00e9rminos reales, con un aumento del 15,7%, impulsado por el recambio de dispositivos y las facilidades de financiaci\u00f3n. En cambio, <strong>cosm\u00e9tica y perfumer\u00eda<\/strong> mostr\u00f3 la baja m\u00e1s marcada, con una contracci\u00f3n del 24,2% real, mientras que <strong>librer\u00eda<\/strong> retrocedi\u00f3 1,7%.<\/p>\n","protected":false},"excerpt":{"rendered":"<p>Lo inform\u00f3 CAME al dar a conocer el \u00edndice de ventas minoristas que present\u00f3 como el cuarto descenso interanual consecutivo.<\/p>\n","protected":false},"author":4,"featured_media":185633,"comment_status":"closed","ping_status":"closed","sticky":false,"template":"","format":"standard","meta":{"_jetpack_memberships_contains_paid_content":false,"footnotes":""},"categories":[6,1],"tags":[],"class_list":["post-185630","post","type-post","status-publish","format-standard","has-post-thumbnail","hentry","category-nacionales","category-portada"],"jetpack_featured_media_url":"https:\/\/i0.wp.com\/cdnoticias.com\/wp-content\/uploads\/2025\/10\/dia-de-la-madre-ventas.jpg?fit=800%2C450&ssl=1","jetpack_sharing_enabled":true,"_links":{"self":[{"href":"https:\/\/cdnoticias.com\/index.php\/wp-json\/wp\/v2\/posts\/185630","targetHints":{"allow":["GET"]}}],"collection":[{"href":"https:\/\/cdnoticias.com\/index.php\/wp-json\/wp\/v2\/posts"}],"about":[{"href":"https:\/\/cdnoticias.com\/index.php\/wp-json\/wp\/v2\/types\/post"}],"author":[{"embeddable":true,"href":"https:\/\/cdnoticias.com\/index.php\/wp-json\/wp\/v2\/users\/4"}],"replies":[{"embeddable":true,"href":"https:\/\/cdnoticias.com\/index.php\/wp-json\/wp\/v2\/comments?post=185630"}],"version-history":[{"count":0,"href":"https:\/\/cdnoticias.com\/index.php\/wp-json\/wp\/v2\/posts\/185630\/revisions"}],"wp:featuredmedia":[{"embeddable":true,"href":"https:\/\/cdnoticias.com\/index.php\/wp-json\/wp\/v2\/media\/185633"}],"wp:attachment":[{"href":"https:\/\/cdnoticias.com\/index.php\/wp-json\/wp\/v2\/media?parent=185630"}],"wp:term":[{"taxonomy":"category","embeddable":true,"href":"https:\/\/cdnoticias.com\/index.php\/wp-json\/wp\/v2\/categories?post=185630"},{"taxonomy":"post_tag","embeddable":true,"href":"https:\/\/cdnoticias.com\/index.php\/wp-json\/wp\/v2\/tags?post=185630"}],"curies":[{"name":"wp","href":"https:\/\/api.w.org\/{rel}","templated":true}]}}