{"id":185607,"date":"2025-10-19T13:30:05","date_gmt":"2025-10-19T16:30:05","guid":{"rendered":"https:\/\/cdnoticias.com\/?p=185607"},"modified":"2025-10-19T13:30:07","modified_gmt":"2025-10-19T16:30:07","slug":"rugieron-los-motores-en-la-1o-vuelta-de-los-gringos-emiliozzi","status":"publish","type":"post","link":"https:\/\/cdnoticias.com\/index.php\/2025\/10\/19\/rugieron-los-motores-en-la-1o-vuelta-de-los-gringos-emiliozzi\/","title":{"rendered":"Rugieron los motores en la 1\u00ba Vuelta de los Gringos Emiliozzi"},"content":{"rendered":"\n<p>Se trat\u00f3 de un recorrido por las calles de la ciudad y el aut\u00f3dromo, que fue protagonizado por autos antiguos, cl\u00e1sicos y de competici\u00f3n.<\/p>\n\n\n\n<hr class=\"wp-block-separator aligncenter has-alpha-channel-opacity\"\/>\n\n\n\n<p>En una tarde a pleno sol, y con una propuesta tan atractiva como in\u00e9dita se desarroll\u00f3 este s\u00e1bado la <strong>primera edici\u00f3n de la \u201cVuelta de los Gringos Emiliozzi\u201d, <\/strong>organizado desde el Municipio en el marco de los <strong>festejos por el 12\u00aa aniversario del Museo <\/strong>que rinde homenaje a los hermanos que marcaron a fuego su nombre en el <strong>automovilismo nacional.\u00a0<\/strong><\/p>\n\n\n\n<p><\/p>\n\n\n\n<p>Se trat\u00f3 de un recorrido por las <strong>calles de la ciudad y el aut\u00f3dromo,<\/strong> que fue protagonizado por <strong>autos antiguos, cl\u00e1sicos y de competici\u00f3n. <\/strong>La actividad se inici\u00f3 minutos despu\u00e9s de las 15 horas, con una convocatoria en torno al espacio municipal ubicado sobre Necochea entre 9 de Julio y 25 de Mayo.\u00a0<\/p>\n\n\n\n<p><\/p>\n\n\n\n<p>El rugir de motores, con la galera marcando el camino, se inici\u00f3 a las 16 horas con un recorrido por calle Necochea hasta Brown, rumbo a avenida Del Valle, Maip\u00fa, V\u00e9lez Sarsfield, costanera del Arroyo hasta avenida Col\u00f3n, avenida Pringles y avenida Dante y Torcuato Emiliozzi, Aut\u00f3dromo Hermanos Emiliozzi, donde los autos giraran detr\u00e1s de la Galera para luego regresar por avenida Dante y Torcuato Emiliozzi.<\/p>\n\n\n\n<p><\/p>\n\n\n\n<figure class=\"wp-block-image aligncenter size-full\"><img data-recalc-dims=\"1\" loading=\"lazy\" decoding=\"async\" width=\"800\" height=\"482\" src=\"https:\/\/i0.wp.com\/cdnoticias.com\/wp-content\/uploads\/2025\/10\/vuelta-emiliozzi.jpg?resize=800%2C482&#038;ssl=1\" alt=\"\" class=\"wp-image-185611\" srcset=\"https:\/\/i0.wp.com\/cdnoticias.com\/wp-content\/uploads\/2025\/10\/vuelta-emiliozzi.jpg?w=900&amp;ssl=1 900w, https:\/\/i0.wp.com\/cdnoticias.com\/wp-content\/uploads\/2025\/10\/vuelta-emiliozzi.jpg?resize=300%2C181&amp;ssl=1 300w, https:\/\/i0.wp.com\/cdnoticias.com\/wp-content\/uploads\/2025\/10\/vuelta-emiliozzi.jpg?resize=768%2C463&amp;ssl=1 768w\" sizes=\"auto, (max-width: 800px) 100vw, 800px\" \/><\/figure>\n\n\n\n<p><\/p>\n\n\n\n<p>Participaron <strong>m\u00e1s de medio centenar de veh\u00edculos, <\/strong>con autom\u00f3viles y tripulantes que llegaron de distintos puntos de la regi\u00f3n, quienes se vieron atra\u00eddos por la novedosa propuesta. A la par, durante todo el trayecto pudo verse el aliento de vecinos, vecinas y la comunidad \u201ctuerca\u201d.<\/p>\n\n\n\n<p><\/p>\n\n\n\n<p>El <strong>intendente Maximiliano Wesner particip\u00f3 activamente de la jornada<\/strong>, al punto de dar la orden de largada con la bandera nacional y luego tripular la Galera que gui\u00f3 la extensa fila de autom\u00f3viles que acompa\u00f1aron el recorrido, que concluy\u00f3 en el puente Hermanos Emiliozzi, donde se llev\u00f3 a cabo una suerte de exposici\u00f3n que se prolong\u00f3 hasta el cierre de la tarde.<\/p>\n\n\n\n<p><\/p>\n\n\n\n<figure class=\"wp-block-image aligncenter size-full\"><img data-recalc-dims=\"1\" loading=\"lazy\" decoding=\"async\" width=\"800\" height=\"505\" src=\"https:\/\/i0.wp.com\/cdnoticias.com\/wp-content\/uploads\/2025\/10\/vuelta-emiliozzi1.jpg?resize=800%2C505&#038;ssl=1\" alt=\"\" class=\"wp-image-185610\" srcset=\"https:\/\/i0.wp.com\/cdnoticias.com\/wp-content\/uploads\/2025\/10\/vuelta-emiliozzi1.jpg?w=900&amp;ssl=1 900w, https:\/\/i0.wp.com\/cdnoticias.com\/wp-content\/uploads\/2025\/10\/vuelta-emiliozzi1.jpg?resize=300%2C189&amp;ssl=1 300w, https:\/\/i0.wp.com\/cdnoticias.com\/wp-content\/uploads\/2025\/10\/vuelta-emiliozzi1.jpg?resize=768%2C485&amp;ssl=1 768w\" sizes=\"auto, (max-width: 800px) 100vw, 800px\" \/><\/figure>\n","protected":false},"excerpt":{"rendered":"<p>Se trat\u00f3 de un recorrido por las calles de la ciudad y el aut\u00f3dromo, que fue protagonizado por autos antiguos,<\/p>\n","protected":false},"author":6,"featured_media":185609,"comment_status":"closed","ping_status":"closed","sticky":false,"template":"","format":"standard","meta":{"_jetpack_memberships_contains_paid_content":false,"footnotes":""},"categories":[9,1],"tags":[],"class_list":["post-185607","post","type-post","status-publish","format-standard","has-post-thumbnail","hentry","category-cultura","category-portada"],"jetpack_featured_media_url":"https:\/\/i0.wp.com\/cdnoticias.com\/wp-content\/uploads\/2025\/10\/vuelta-emiliozzi3.jpg?fit=900%2C534&ssl=1","jetpack_sharing_enabled":true,"_links":{"self":[{"href":"https:\/\/cdnoticias.com\/index.php\/wp-json\/wp\/v2\/posts\/185607","targetHints":{"allow":["GET"]}}],"collection":[{"href":"https:\/\/cdnoticias.com\/index.php\/wp-json\/wp\/v2\/posts"}],"about":[{"href":"https:\/\/cdnoticias.com\/index.php\/wp-json\/wp\/v2\/types\/post"}],"author":[{"embeddable":true,"href":"https:\/\/cdnoticias.com\/index.php\/wp-json\/wp\/v2\/users\/6"}],"replies":[{"embeddable":true,"href":"https:\/\/cdnoticias.com\/index.php\/wp-json\/wp\/v2\/comments?post=185607"}],"version-history":[{"count":0,"href":"https:\/\/cdnoticias.com\/index.php\/wp-json\/wp\/v2\/posts\/185607\/revisions"}],"wp:featuredmedia":[{"embeddable":true,"href":"https:\/\/cdnoticias.com\/index.php\/wp-json\/wp\/v2\/media\/185609"}],"wp:attachment":[{"href":"https:\/\/cdnoticias.com\/index.php\/wp-json\/wp\/v2\/media?parent=185607"}],"wp:term":[{"taxonomy":"category","embeddable":true,"href":"https:\/\/cdnoticias.com\/index.php\/wp-json\/wp\/v2\/categories?post=185607"},{"taxonomy":"post_tag","embeddable":true,"href":"https:\/\/cdnoticias.com\/index.php\/wp-json\/wp\/v2\/tags?post=185607"}],"curies":[{"name":"wp","href":"https:\/\/api.w.org\/{rel}","templated":true}]}}