{"id":185593,"date":"2025-10-19T12:33:20","date_gmt":"2025-10-19T15:33:20","guid":{"rendered":"https:\/\/cdnoticias.com\/?p=185593"},"modified":"2025-10-19T12:33:22","modified_gmt":"2025-10-19T15:33:22","slug":"se-concreto-la-jornada-a-20-anos-de-las-leyes-de-proteccion-integral-de-derechos-de-ninas-ninos-y-adolescentes","status":"publish","type":"post","link":"https:\/\/cdnoticias.com\/index.php\/2025\/10\/19\/se-concreto-la-jornada-a-20-anos-de-las-leyes-de-proteccion-integral-de-derechos-de-ninas-ninos-y-adolescentes\/","title":{"rendered":"Se concret\u00f3 la jornada \u201cA 20 a\u00f1os de las Leyes de Protecci\u00f3n Integral de Derechos de Ni\u00f1as, Ni\u00f1os y Adolescentes\u201d"},"content":{"rendered":"\n<p>La jornada cont\u00f3 con un gran marco de p\u00fablico. Se brindaron distintas paneles y charlas que fueron encabezadas por profesionales de diversas \u00e1reas, lo que permiti\u00f3 un abordaje multidisciplinario e integral.<\/p>\n\n\n\n<hr class=\"wp-block-separator aligncenter has-alpha-channel-opacity\"\/>\n\n\n\n<p>Durante la tarde del \u00faltimo jueves el Sal\u00f3n Rivadavia se convirti\u00f3 en un espacio de di\u00e1logo, de intercambio, pero principalmente de capacitaci\u00f3n y reflexi\u00f3n con motivo de la jornada \u201c<strong>A 20 a\u00f1os de las Leyes de Protecci\u00f3n Integral de Derechos de Ni\u00f1as, Ni\u00f1os y Adolescentes\u201d<\/strong>, una propuesta organizada en conjunto entre el Municipio y la <strong>Facultad de Ciencias Sociales <\/strong>de la Universidad Nacional del Centro (Unicen).\u00a0<\/p>\n\n\n\n<p><\/p>\n\n\n\n<blockquote class=\"wp-block-quote is-layout-flow wp-block-quote-is-layout-flow\">\n<p>En la ocasi\u00f3n se brindaron distintos paneles y charlas que fueron encabezadas por profesionales de diversas \u00e1reas, lo que permiti\u00f3 un abordaje multidisciplinario e integral, desde las experiencias, saberes y pr\u00e1cticas situadas.<\/p>\n<\/blockquote>\n\n\n\n<p><\/p>\n\n\n\n<p>La actividad se inici\u00f3 minutos despu\u00e9s de las 15 horas, con la <strong>presencia de autoridades municipales y de la Facultad de Ciencias Sociales de la Universidad Nacional del Centro de la Provincia de Buenos Aires,<\/strong> como as\u00ed tambi\u00e9n integrantes del Poder Judicial, colegios profesionales, integrantes de equipos de trabajo de diversos servicios e instituciones, y p\u00fablico en general .<\/p>\n\n\n\n<p><\/p>\n\n\n\n<figure class=\"wp-block-image aligncenter size-full\"><img data-recalc-dims=\"1\" loading=\"lazy\" decoding=\"async\" width=\"800\" height=\"465\" src=\"https:\/\/i0.wp.com\/cdnoticias.com\/wp-content\/uploads\/2025\/10\/jornada-proteccion-derechos2.jpg?resize=800%2C465&#038;ssl=1\" alt=\"\" class=\"wp-image-185597\" srcset=\"https:\/\/i0.wp.com\/cdnoticias.com\/wp-content\/uploads\/2025\/10\/jornada-proteccion-derechos2.jpg?w=900&amp;ssl=1 900w, https:\/\/i0.wp.com\/cdnoticias.com\/wp-content\/uploads\/2025\/10\/jornada-proteccion-derechos2.jpg?resize=300%2C174&amp;ssl=1 300w, https:\/\/i0.wp.com\/cdnoticias.com\/wp-content\/uploads\/2025\/10\/jornada-proteccion-derechos2.jpg?resize=768%2C446&amp;ssl=1 768w\" sizes=\"auto, (max-width: 800px) 100vw, 800px\" \/><\/figure>\n\n\n\n<p><\/p>\n\n\n\n<p>Las palabras de bienvenida estuvieron a cargo de la subsecretaria de Protecci\u00f3n Integral de Derechos del Municipio <strong>Malena Pianciola, <\/strong>el Decano de la Facultad de Ciencias Sociales <strong>Gustavo Flensborg y la Dra. Natalia Larrea, <\/strong>integrante del N\u00facleo de Estudios en Antropolog\u00eda Jur\u00eddica (NEAJ) y organizadora de este evento.<\/p>\n\n\n\n<p><\/p>\n\n\n\n<blockquote class=\"wp-block-quote is-layout-flow wp-block-quote-is-layout-flow\">\n<p>En ese sentido, vale destacar que la jornada naci\u00f3 del trabajo desarrollado desde una l\u00ednea de investigaci\u00f3n de la NEAJ en torno a las intervenciones estatales sobre las infancias y familias en contextos de desigualdad social, que lleva adelante una articulaci\u00f3n sostenida con actores institucionales del Sistema de Protecci\u00f3n Integral de Derechos local.\u00a0<\/p>\n<\/blockquote>\n\n\n\n<p><\/p>\n\n\n\n<p>La propuesta cont\u00f3 adem\u00e1s con el aval de la Asociaci\u00f3n de Abogados de Olavarr\u00eda y el Instituto de Estudios Judiciales de la Suprema Corte de Justicia de la Provincia de Buenos Aires.<\/p>\n\n\n\n<p><\/p>\n\n\n\n<p><em>\u201cPara nosotros es un placer poder recibirlos en este renovado Sal\u00f3n Rivadavia y poder intercambiar en este espacio de resonancia, de pr\u00e1cticas y saberes situados en cuanto a la promoci\u00f3n y protecci\u00f3n de derechos a nivel local. A nuestra manera de entender y de llevar a cabo la gesti\u00f3n todos los d\u00edas, consideramos fundamental poder situar las pol\u00edticas de cuidado como un derecho fundamental, que le corresponde al Estado en todas sus dimensiones poder llevarlo a cabo\u201d,<\/em> expres\u00f3 Pianciola en el inicio de la jornada.<\/p>\n\n\n\n<p><\/p>\n\n\n\n<p>Por \u00faltimo, la funcionaria municipal enfatiz\u00f3 que \u201c<strong>hemos colocado en la centralidad de la agenda pol\u00edtica del gobierno local a la ni\u00f1ez y a la adolescencia, en todas las acciones de gobierno\u201d.<\/strong><\/p>\n\n\n\n<p><\/p>\n\n\n\n<p>Natalia Larrea, por su parte, expres\u00f3 el agradecimiento \u201c<em>por propiciar este encuentro, por propiciar la articulaci\u00f3n entre la Facultad y el Municipio, por acompa\u00f1ar esta propuesta que surge con un esp\u00edritu de fomentar el di\u00e1logo en este a\u00f1o 2025, donde se cumple el vig\u00e9simo aniversario de la Ley de Protecci\u00f3n Integral de Derechos, una ley que marc\u00f3 un hito normativo en las formas en que pensamos a las infancias y en la institucionalidad encargada de de proteger y de garantizar los derechos\u201d.<\/em><\/p>\n\n\n\n<p><\/p>\n\n\n\n<p>Por \u00faltimo, el decano de la Facultad de Ciencias Sociales de la Universidad Nacional del Centro de la Provincia de Buenos Aires, Dr. Gustavo Flensborg se\u00f1al\u00f3 que <strong>\u201cestos espacios son sinceramente de reflexi\u00f3n, para pensar, para generar un contexto de cr\u00edtica constructiva acerca de qu\u00e9 es lo que pas\u00f3 en estos 20 a\u00f1os, d\u00f3nde estamos parados y hacia d\u00f3nde vamos a ir. Hay que celebrar estos espacios\u201d.<\/strong><\/p>\n\n\n\n<p><\/p>\n\n\n\n<p><strong>La jornada cont\u00f3 con los siguientes paneles<\/strong><\/p>\n\n\n\n<ul class=\"wp-block-list\">\n<li>Experiencias y desaf\u00edos locales en la implementaci\u00f3n de las Leyes de Protecci\u00f3n Integral de Derechos, a cargo del \u00e1rea de Protecci\u00f3n Integral de Derechos del Municipio. Encabezado por Malena Pianciola (Subsecretaria de Protecci\u00f3n Integral de derechos); Lucrecia Caresia (Directora de Ni\u00f1eces y Adolescencias); Milagros Mujica (Directora del Servicio Local); Mar\u00eda Emilia Vales (Coordinadora del Servicio Local); Silvana Sonn (Directora de hogares y casas de abrigo).<\/li>\n<\/ul>\n\n\n\n<ul class=\"wp-block-list\">\n<li>Medidas de abrigo: procesos y estrategias de intervenci\u00f3n. Encabezado por: Daniel Morbiducci (Juez a cargo del Juzgado de Familia n\u00b01) y Santiago Arrondo (Juez a cargo del Juzgado de Familia n\u00b02).<\/li>\n<\/ul>\n\n\n\n<ul class=\"wp-block-list\">\n<li>El derecho al cuidado desde la perspectiva de ni\u00f1ez y adolescencia y la protecci\u00f3n a la familia: Amicus Curiae presentado por el Observatorio de Derechos de NNyA de la Facultad de Derecho de la UNICEN a la CIDH. Encabezado por Martina Salituri (Facultad de Derecho \u2013 UNICEN).<\/li>\n<\/ul>\n\n\n\n<ul class=\"wp-block-list\">\n<li>El acompa\u00f1amiento de las organizaciones comunitarias a mujeres y familias en el marco de las medidas de protecci\u00f3n de derechos de ni\u00f1os, ni\u00f1as y adolescentes. Encabezado por CAAC Red Puentes y Casa Pueblo.<\/li>\n<\/ul>\n\n\n\n<ul class=\"wp-block-list\">\n<li>Las violencias como preocupaci\u00f3n, las crianzas como territorio de acci\u00f3n y la grupalidad como dispositivos de intervenci\u00f3n. Dispositivos grupales destinados al acompa\u00f1amiento de las medidas de protecci\u00f3n de derechos de infancias y adolescencias en la provincia de Buenos Aires. Encabezado por Agust\u00edn Barna (Facultad de Filosof\u00eda y Letras \u2013 UBA).<\/li>\n<\/ul>\n\n\n\n<ul class=\"wp-block-list\">\n<li>Conferencia de cierre: Historias, experiencias y desaf\u00edos. La construcci\u00f3n de un campo de estudios a 20 a\u00f1os de las leyes de protecci\u00f3n integral de derechos de ni\u00f1as, ni\u00f1os y adolescentes. Encabezada por Carla Villalta (Facultad de Filosof\u00eda y Letras \u2013 UBA\/CONICET).<\/li>\n<\/ul>\n","protected":false},"excerpt":{"rendered":"<p>La jornada cont\u00f3 con un gran marco de p\u00fablico. Se brindaron distintas paneles y charlas que fueron encabezadas por profesionales<\/p>\n","protected":false},"author":6,"featured_media":185598,"comment_status":"closed","ping_status":"closed","sticky":false,"template":"","format":"standard","meta":{"_jetpack_memberships_contains_paid_content":false,"footnotes":""},"categories":[5,1],"tags":[],"class_list":["post-185593","post","type-post","status-publish","format-standard","has-post-thumbnail","hentry","category-informacion-general","category-portada"],"jetpack_featured_media_url":"https:\/\/i0.wp.com\/cdnoticias.com\/wp-content\/uploads\/2025\/10\/jornada-proteccion-derechos.jpg?fit=900%2C552&ssl=1","jetpack_sharing_enabled":true,"_links":{"self":[{"href":"https:\/\/cdnoticias.com\/index.php\/wp-json\/wp\/v2\/posts\/185593","targetHints":{"allow":["GET"]}}],"collection":[{"href":"https:\/\/cdnoticias.com\/index.php\/wp-json\/wp\/v2\/posts"}],"about":[{"href":"https:\/\/cdnoticias.com\/index.php\/wp-json\/wp\/v2\/types\/post"}],"author":[{"embeddable":true,"href":"https:\/\/cdnoticias.com\/index.php\/wp-json\/wp\/v2\/users\/6"}],"replies":[{"embeddable":true,"href":"https:\/\/cdnoticias.com\/index.php\/wp-json\/wp\/v2\/comments?post=185593"}],"version-history":[{"count":0,"href":"https:\/\/cdnoticias.com\/index.php\/wp-json\/wp\/v2\/posts\/185593\/revisions"}],"wp:featuredmedia":[{"embeddable":true,"href":"https:\/\/cdnoticias.com\/index.php\/wp-json\/wp\/v2\/media\/185598"}],"wp:attachment":[{"href":"https:\/\/cdnoticias.com\/index.php\/wp-json\/wp\/v2\/media?parent=185593"}],"wp:term":[{"taxonomy":"category","embeddable":true,"href":"https:\/\/cdnoticias.com\/index.php\/wp-json\/wp\/v2\/categories?post=185593"},{"taxonomy":"post_tag","embeddable":true,"href":"https:\/\/cdnoticias.com\/index.php\/wp-json\/wp\/v2\/tags?post=185593"}],"curies":[{"name":"wp","href":"https:\/\/api.w.org\/{rel}","templated":true}]}}