{"id":185578,"date":"2025-10-19T10:31:01","date_gmt":"2025-10-19T13:31:01","guid":{"rendered":"https:\/\/cdnoticias.com\/?p=185578"},"modified":"2025-10-19T20:11:58","modified_gmt":"2025-10-19T23:11:58","slug":"se-inauguro-una-nueva-muestra-colectiva-en-el-centro-cultural-san-jose","status":"publish","type":"post","link":"https:\/\/cdnoticias.com\/index.php\/2025\/10\/19\/se-inauguro-una-nueva-muestra-colectiva-en-el-centro-cultural-san-jose\/","title":{"rendered":"Se inaugur\u00f3 una nueva muestra colectiva en el Centro Cultural \u201cSan Jos\u00e9\u201d"},"content":{"rendered":"\n<p>Fue este s\u00e1bado a las 18 horas con obras de los artistas Martha Borzi, Natalia Schumacher, Juan Mart\u00edn Sisti y Mart\u00edn Othasegui.<\/p>\n\n\n\n<hr class=\"wp-block-separator aligncenter has-alpha-channel-opacity\"\/>\n\n\n\n<p>Este <strong>s\u00e1bado por la tarde<\/strong> se llev\u00f3 a cabo la<strong> inauguraci\u00f3n de una nueva muestra colectiva <\/strong>en el <strong>Centro Cultural Municipal \u201cSan Jos\u00e9\u201d.\u00a0<\/strong><\/p>\n\n\n\n<p><\/p>\n\n\n\n<figure class=\"wp-block-image aligncenter size-full\"><img data-recalc-dims=\"1\" loading=\"lazy\" decoding=\"async\" width=\"800\" height=\"546\" src=\"https:\/\/i0.wp.com\/cdnoticias.com\/wp-content\/uploads\/2025\/10\/muestra-san-jose5.jpg?resize=800%2C546&#038;ssl=1\" alt=\"\" class=\"wp-image-185580\" srcset=\"https:\/\/i0.wp.com\/cdnoticias.com\/wp-content\/uploads\/2025\/10\/muestra-san-jose5.jpg?w=900&amp;ssl=1 900w, https:\/\/i0.wp.com\/cdnoticias.com\/wp-content\/uploads\/2025\/10\/muestra-san-jose5.jpg?resize=300%2C205&amp;ssl=1 300w, https:\/\/i0.wp.com\/cdnoticias.com\/wp-content\/uploads\/2025\/10\/muestra-san-jose5.jpg?resize=768%2C524&amp;ssl=1 768w, https:\/\/i0.wp.com\/cdnoticias.com\/wp-content\/uploads\/2025\/10\/muestra-san-jose5.jpg?resize=130%2C90&amp;ssl=1 130w\" sizes=\"auto, (max-width: 800px) 100vw, 800px\" \/><\/figure>\n\n\n\n<p><\/p>\n\n\n\n<blockquote class=\"wp-block-quote is-layout-flow wp-block-quote-is-layout-flow\">\n<p>La muestra colectiva re\u00fane las obras de los artistas Martha Borzi, Natalia Schumacher, Juan Mart\u00edn Sisti y Mart\u00edn Othasegui.<\/p>\n<\/blockquote>\n\n\n\n<p><\/p>\n\n\n\n<figure class=\"wp-block-image aligncenter size-full\"><img data-recalc-dims=\"1\" loading=\"lazy\" decoding=\"async\" width=\"800\" height=\"476\" src=\"https:\/\/i0.wp.com\/cdnoticias.com\/wp-content\/uploads\/2025\/10\/muestra-san-jose3.jpg?resize=800%2C476&#038;ssl=1\" alt=\"\" class=\"wp-image-185582\" srcset=\"https:\/\/i0.wp.com\/cdnoticias.com\/wp-content\/uploads\/2025\/10\/muestra-san-jose3.jpg?w=900&amp;ssl=1 900w, https:\/\/i0.wp.com\/cdnoticias.com\/wp-content\/uploads\/2025\/10\/muestra-san-jose3.jpg?resize=300%2C179&amp;ssl=1 300w, https:\/\/i0.wp.com\/cdnoticias.com\/wp-content\/uploads\/2025\/10\/muestra-san-jose3.jpg?resize=768%2C457&amp;ssl=1 768w\" sizes=\"auto, (max-width: 800px) 100vw, 800px\" \/><\/figure>\n\n\n\n<p>En la inauguraci\u00f3n estuvieron presentes los artistas junto a funcionarios municipales como la Subsecretar\u00eda de Cultura, Sof\u00eda Arevalo.&nbsp;<\/p>\n\n\n\n<p><\/p>\n\n\n\n<figure class=\"wp-block-image aligncenter size-full\"><img data-recalc-dims=\"1\" loading=\"lazy\" decoding=\"async\" width=\"800\" height=\"523\" src=\"https:\/\/i0.wp.com\/cdnoticias.com\/wp-content\/uploads\/2025\/10\/muestra-san-jose1.jpg?resize=800%2C523&#038;ssl=1\" alt=\"\" class=\"wp-image-185584\" srcset=\"https:\/\/i0.wp.com\/cdnoticias.com\/wp-content\/uploads\/2025\/10\/muestra-san-jose1.jpg?w=900&amp;ssl=1 900w, https:\/\/i0.wp.com\/cdnoticias.com\/wp-content\/uploads\/2025\/10\/muestra-san-jose1.jpg?resize=300%2C196&amp;ssl=1 300w, https:\/\/i0.wp.com\/cdnoticias.com\/wp-content\/uploads\/2025\/10\/muestra-san-jose1.jpg?resize=768%2C502&amp;ssl=1 768w\" sizes=\"auto, (max-width: 800px) 100vw, 800px\" \/><\/figure>\n\n\n\n<p><\/p>\n\n\n\n<blockquote class=\"wp-block-quote is-layout-flow wp-block-quote-is-layout-flow\">\n<p>Se trata de \u201cLa Dolce Vita\u201d de Martha Borzi en Sala 1,\u00a0 \u201cCamuflaje\u201d de Natalia Schumacher en Sala 2, \u201cLiturgia\u201d de Juan Mart\u00edn Sisti en Sala 3 y \u201cDescanso y Amenaza\u201d de Mart\u00edn Othasegui en Sala 4.<\/p>\n<\/blockquote>\n\n\n\n<p><\/p>\n\n\n\n<figure class=\"wp-block-image aligncenter size-full\"><img data-recalc-dims=\"1\" loading=\"lazy\" decoding=\"async\" width=\"800\" height=\"478\" src=\"https:\/\/i0.wp.com\/cdnoticias.com\/wp-content\/uploads\/2025\/10\/muestra-san-jose4.jpg?resize=800%2C478&#038;ssl=1\" alt=\"\" class=\"wp-image-185581\" srcset=\"https:\/\/i0.wp.com\/cdnoticias.com\/wp-content\/uploads\/2025\/10\/muestra-san-jose4.jpg?w=900&amp;ssl=1 900w, https:\/\/i0.wp.com\/cdnoticias.com\/wp-content\/uploads\/2025\/10\/muestra-san-jose4.jpg?resize=300%2C179&amp;ssl=1 300w, https:\/\/i0.wp.com\/cdnoticias.com\/wp-content\/uploads\/2025\/10\/muestra-san-jose4.jpg?resize=768%2C459&amp;ssl=1 768w\" sizes=\"auto, (max-width: 800px) 100vw, 800px\" \/><\/figure>\n\n\n\n<p>La muestra podr\u00e1 visitarse de lunes a viernes de 15 a 18 horas, s\u00e1bados domingos y feriados de 15 a 18 horas.<\/p>\n","protected":false},"excerpt":{"rendered":"<p>Fue este s\u00e1bado a las 18 horas con obras de los artistas Martha Borzi, Natalia Schumacher, Juan Mart\u00edn Sisti y<\/p>\n","protected":false},"author":6,"featured_media":185583,"comment_status":"closed","ping_status":"closed","sticky":false,"template":"","format":"standard","meta":{"_jetpack_memberships_contains_paid_content":false,"footnotes":""},"categories":[9,1],"tags":[],"class_list":["post-185578","post","type-post","status-publish","format-standard","has-post-thumbnail","hentry","category-cultura","category-portada"],"jetpack_featured_media_url":"https:\/\/i0.wp.com\/cdnoticias.com\/wp-content\/uploads\/2025\/10\/muestra-san-jose2.jpg?fit=900%2C609&ssl=1","jetpack_sharing_enabled":true,"_links":{"self":[{"href":"https:\/\/cdnoticias.com\/index.php\/wp-json\/wp\/v2\/posts\/185578","targetHints":{"allow":["GET"]}}],"collection":[{"href":"https:\/\/cdnoticias.com\/index.php\/wp-json\/wp\/v2\/posts"}],"about":[{"href":"https:\/\/cdnoticias.com\/index.php\/wp-json\/wp\/v2\/types\/post"}],"author":[{"embeddable":true,"href":"https:\/\/cdnoticias.com\/index.php\/wp-json\/wp\/v2\/users\/6"}],"replies":[{"embeddable":true,"href":"https:\/\/cdnoticias.com\/index.php\/wp-json\/wp\/v2\/comments?post=185578"}],"version-history":[{"count":0,"href":"https:\/\/cdnoticias.com\/index.php\/wp-json\/wp\/v2\/posts\/185578\/revisions"}],"wp:featuredmedia":[{"embeddable":true,"href":"https:\/\/cdnoticias.com\/index.php\/wp-json\/wp\/v2\/media\/185583"}],"wp:attachment":[{"href":"https:\/\/cdnoticias.com\/index.php\/wp-json\/wp\/v2\/media?parent=185578"}],"wp:term":[{"taxonomy":"category","embeddable":true,"href":"https:\/\/cdnoticias.com\/index.php\/wp-json\/wp\/v2\/categories?post=185578"},{"taxonomy":"post_tag","embeddable":true,"href":"https:\/\/cdnoticias.com\/index.php\/wp-json\/wp\/v2\/tags?post=185578"}],"curies":[{"name":"wp","href":"https:\/\/api.w.org\/{rel}","templated":true}]}}