{"id":185561,"date":"2025-10-18T19:31:00","date_gmt":"2025-10-18T22:31:00","guid":{"rendered":"https:\/\/cdnoticias.com\/?p=185561"},"modified":"2025-10-18T19:31:00","modified_gmt":"2025-10-18T22:31:00","slug":"zona-fria-un-sector-de-la-ucr-expreso-su-preocupacion-por-la-eliminacion-del-regimen","status":"publish","type":"post","link":"https:\/\/cdnoticias.com\/index.php\/2025\/10\/18\/zona-fria-un-sector-de-la-ucr-expreso-su-preocupacion-por-la-eliminacion-del-regimen\/","title":{"rendered":"Zona Fr\u00eda: un sector de la UCR expres\u00f3 su preocupaci\u00f3n por la eliminaci\u00f3n del r\u00e9gimen"},"content":{"rendered":"\n<p>El bloque UCR + Cambio Federal rechaz\u00f3 los cambios en la Zona Fr\u00eda y pidi\u00f3 discutir una nueva ley que delimite claramente las zonas beneficiadas.<\/p>\n\n\n\n<hr class=\"wp-block-separator aligncenter has-alpha-channel-opacity\"\/>\n\n\n\n<p>El bloque de <strong>senadores de la provincia de Buenos Aires UCR + Cambio Federal<\/strong> hizo una presentaci\u00f3n legislativa ante <strong>la idea del Gobierno nacional de eliminar parte del r\u00e9gimen de Zona Fr\u00eda, <\/strong>algo que <strong>figura en el Presupuesto nacional 2026 <\/strong>y <strong>beneficia a unos 90 distritos bonaerenses.<\/strong><\/p>\n\n\n\n<p><\/p>\n\n\n\n<blockquote class=\"wp-block-quote is-layout-flow wp-block-quote-is-layout-flow\">\n<p>El bloque integrado por Ariel Bordaisco, Marcelo Daletto, Flavia Del Monte, Lorena Mandagar\u00e1n, Eugenia Gil y Nerina Neumann Losada, pidi\u00f3 adem\u00e1s que se vuelva a discutir una nueva ley que delimite claramente las zonas beneficiadas.<\/p>\n<\/blockquote>\n\n\n\n<p><\/p>\n\n\n\n<p>El proyecto busca dejar en claro <strong>el rechazo a la intenci\u00f3n del Gobierno de Javier Milei de suprimir un beneficio que alcanza a m\u00e1s de 1.300.000 usuarios bonaerenses, <\/strong>que dependen del gas natural para calefaccionar sus hogares durante los meses de bajas temperaturas.\u00a0<\/p>\n\n\n\n<p><\/p>\n\n\n\n<p>Desde el bloque se\u00f1alaron que <strong><em>\u201cesta medida afecta directamente a 95 distritos bonaerenses comprendidos en la Ley N\u00b0 27.637, y castiga a miles de familias que viven en zonas donde el fr\u00edo no es una excepci\u00f3n, sino una condici\u00f3n estructural del clima\u201d.<\/em><\/strong><\/p>\n\n\n\n<p><\/p>\n\n\n\n<blockquote class=\"wp-block-quote is-layout-flow wp-block-quote-is-layout-flow\">\n<p>\u201cEliminarlo de manera total, sin buscar mecanismos de transici\u00f3n o compensaci\u00f3n, es una decisi\u00f3n insensible e injusta\u201d, sostuvieron los legisladores.\u00a0<\/p>\n<\/blockquote>\n\n\n\n<p><\/p>\n\n\n\n<p>Asimismo, remarcaron: <strong><em>\u201cUna calefacci\u00f3n adecuada no es un lujo: es salud y calidad de vida, especialmente para ni\u00f1os y adultos mayores que enfrentan los rigores del invierno en la regi\u00f3n sur y sudoeste bonaerense\u201d.<\/em><\/strong><\/p>\n\n\n\n<p><\/p>\n\n\n\n<p>Hoy, lo definido por ley como Zona Fr\u00eda <strong>abarca m\u00e1s del 40% de los usuarios del pa\u00eds.<\/strong> Si se toma una factura de Camuzzi Gas Pampeano de una jubilada que paga total (con impuestos) $30.000 por mes, el descuento por subsidio es en torno a los $21.000. Por lo que si se deja de aplicar el r\u00e9gimen en cuesti\u00f3n, pasar\u00eda a abonar $51.000.<\/p>\n\n\n\n<p><\/p>\n\n\n\n<p>En este contexto, los legisladores expresaron la necesidad de<strong> rever la Ley original,<\/strong> para delimitar claramente las zonas m\u00e1s comprometidas y m\u00e1s expuestas a las bajas temperaturas.<\/p>\n\n\n\n<p><\/p>\n\n\n\n<p><em>\u201cLa aprobaci\u00f3n del r\u00e9gimen de Zona Fr\u00eda propuesta por el diputado nacional M\u00e1ximo Kirchner en medio de la campa\u00f1a del a\u00f1o 2021, seguramente llev\u00f3 a generalizaciones y beneficios regionales o sectoriales excesivos. Pero la respuesta no puede tener la misma irracionalidad, rigidez, generalizaci\u00f3n e inmediatez castigando a m\u00e1s de un mill\u00f3n de familias bonaerenses que realmente viven en zonas fr\u00edas y necesitan calefaccionar sus hogares durante casi la mitad de los meses del a\u00f1o\u201d, <\/em>cerraron.\u00a0<\/p>\n\n\n\n<p><\/p>\n\n\n\n<p><em>Fuente: DIB<\/em><\/p>\n","protected":false},"excerpt":{"rendered":"<p>El bloque UCR + Cambio Federal rechaz\u00f3 los cambios en la Zona Fr\u00eda y pidi\u00f3 discutir una nueva ley que<\/p>\n","protected":false},"author":6,"featured_media":117767,"comment_status":"closed","ping_status":"closed","sticky":false,"template":"","format":"standard","meta":{"_jetpack_memberships_contains_paid_content":false,"footnotes":""},"categories":[6,1],"tags":[],"class_list":["post-185561","post","type-post","status-publish","format-standard","has-post-thumbnail","hentry","category-nacionales","category-portada"],"jetpack_featured_media_url":"https:\/\/i0.wp.com\/cdnoticias.com\/wp-content\/uploads\/2024\/06\/monoxido-de-carbono-gas-intoxicado.jpeg?fit=630%2C420&ssl=1","jetpack_sharing_enabled":true,"_links":{"self":[{"href":"https:\/\/cdnoticias.com\/index.php\/wp-json\/wp\/v2\/posts\/185561","targetHints":{"allow":["GET"]}}],"collection":[{"href":"https:\/\/cdnoticias.com\/index.php\/wp-json\/wp\/v2\/posts"}],"about":[{"href":"https:\/\/cdnoticias.com\/index.php\/wp-json\/wp\/v2\/types\/post"}],"author":[{"embeddable":true,"href":"https:\/\/cdnoticias.com\/index.php\/wp-json\/wp\/v2\/users\/6"}],"replies":[{"embeddable":true,"href":"https:\/\/cdnoticias.com\/index.php\/wp-json\/wp\/v2\/comments?post=185561"}],"version-history":[{"count":0,"href":"https:\/\/cdnoticias.com\/index.php\/wp-json\/wp\/v2\/posts\/185561\/revisions"}],"wp:featuredmedia":[{"embeddable":true,"href":"https:\/\/cdnoticias.com\/index.php\/wp-json\/wp\/v2\/media\/117767"}],"wp:attachment":[{"href":"https:\/\/cdnoticias.com\/index.php\/wp-json\/wp\/v2\/media?parent=185561"}],"wp:term":[{"taxonomy":"category","embeddable":true,"href":"https:\/\/cdnoticias.com\/index.php\/wp-json\/wp\/v2\/categories?post=185561"},{"taxonomy":"post_tag","embeddable":true,"href":"https:\/\/cdnoticias.com\/index.php\/wp-json\/wp\/v2\/tags?post=185561"}],"curies":[{"name":"wp","href":"https:\/\/api.w.org\/{rel}","templated":true}]}}