{"id":185554,"date":"2025-10-18T16:30:45","date_gmt":"2025-10-18T19:30:45","guid":{"rendered":"https:\/\/cdnoticias.com\/?p=185554"},"modified":"2025-10-18T16:30:48","modified_gmt":"2025-10-18T19:30:48","slug":"se-realizo-el-conversatorio-mujeres-en-marcha-en-la-casa-eduardo-correa","status":"publish","type":"post","link":"https:\/\/cdnoticias.com\/index.php\/2025\/10\/18\/se-realizo-el-conversatorio-mujeres-en-marcha-en-la-casa-eduardo-correa\/","title":{"rendered":"Se realiz\u00f3 el conversatorio Mujeres en Marcha en la Casa Eduardo Correa"},"content":{"rendered":"<p>Convoc\u00f3 a mujeres que participan no s\u00f3lo de la actividad pol\u00edtica sino tambi\u00e9n social e institucional.<!--more--><\/p>\n<hr \/>\n<p>El viernes por la tardecita, el <strong>Foro Olavarr\u00eda-Frente Renovador<\/strong> llev\u00f3 adelante el <strong>Conversatorio Mujeres en Marcha<\/strong>, en el marco del <strong>D\u00eda de la Lealtad<\/strong>.<\/p>\n<p>El encuentro tuvo lugar en la <strong>Casa Eduardo Chino Correa<\/strong> y convoc\u00f3 a <strong>mujeres que participan no s\u00f3lo de la actividad pol\u00edtica sino tambi\u00e9n social e institucional.<\/strong><\/p>\n<p><img data-recalc-dims=\"1\" loading=\"lazy\" decoding=\"async\" class=\"alignnone size-full wp-image-185556 aligncenter\" src=\"https:\/\/i0.wp.com\/cdnoticias.com\/wp-content\/uploads\/2025\/10\/Mujeres-en-Marcha-en-la-Casa-Eduardo-Correa-3.jpeg?resize=800%2C450&#038;ssl=1\" alt=\"\" width=\"800\" height=\"450\" srcset=\"https:\/\/i0.wp.com\/cdnoticias.com\/wp-content\/uploads\/2025\/10\/Mujeres-en-Marcha-en-la-Casa-Eduardo-Correa-3.jpeg?w=1000&amp;ssl=1 1000w, https:\/\/i0.wp.com\/cdnoticias.com\/wp-content\/uploads\/2025\/10\/Mujeres-en-Marcha-en-la-Casa-Eduardo-Correa-3.jpeg?resize=300%2C169&amp;ssl=1 300w, https:\/\/i0.wp.com\/cdnoticias.com\/wp-content\/uploads\/2025\/10\/Mujeres-en-Marcha-en-la-Casa-Eduardo-Correa-3.jpeg?resize=768%2C432&amp;ssl=1 768w\" sizes=\"auto, (max-width: 800px) 100vw, 800px\" \/><\/p>\n<p>En la apertura del Encuentro, se emitieron <strong>dos videos con el mensaje de las candidatas a Diputadas Nacionales de Fuerza Patria, Jimena L\u00f3pez y Marina Salzmann<\/strong>, y en<strong> representaci\u00f3n de Mujeres FR Eva Cura<\/strong> dio la bienvenida y explic\u00f3 el sentido de la reuni\u00f3n.<\/p>\n<p>La convocatoria cont\u00f3 con la <em>presencia de los referentes del Foro Olavarr\u00eda FR, Eduardo Rodr\u00edguez y el Concejal Gast\u00f3n Sarachu<\/em>.<\/p>\n<blockquote><p>Por \u00faltimo desde Mujeres FR Olavarr\u00eda se indic\u00f3 que \u201ctrabajamos con una agenda que vincule con las mujeres reales -emprendedoras, polic\u00edas, docentes, etc &#8211; y que ponga la relevancia que tuvimos las mujeres en el freno a Milei y sus pol\u00edticas contra los derechos de las mujeres y las conquistas sociales hist\u00f3ricas\u201d.<\/p><\/blockquote>\n","protected":false},"excerpt":{"rendered":"<p>Convoc\u00f3 a mujeres que participan no s\u00f3lo de la actividad pol\u00edtica sino tambi\u00e9n social e institucional.<\/p>\n","protected":false},"author":4,"featured_media":185555,"comment_status":"closed","ping_status":"closed","sticky":false,"template":"","format":"standard","meta":{"_jetpack_memberships_contains_paid_content":false,"footnotes":""},"categories":[4,1],"tags":[],"class_list":["post-185554","post","type-post","status-publish","format-standard","has-post-thumbnail","hentry","category-politica","category-portada"],"jetpack_featured_media_url":"https:\/\/i0.wp.com\/cdnoticias.com\/wp-content\/uploads\/2025\/10\/Mujeres-en-Marcha-en-la-Casa-Eduardo-Correa-1.jpeg?fit=1000%2C556&ssl=1","jetpack_sharing_enabled":true,"_links":{"self":[{"href":"https:\/\/cdnoticias.com\/index.php\/wp-json\/wp\/v2\/posts\/185554","targetHints":{"allow":["GET"]}}],"collection":[{"href":"https:\/\/cdnoticias.com\/index.php\/wp-json\/wp\/v2\/posts"}],"about":[{"href":"https:\/\/cdnoticias.com\/index.php\/wp-json\/wp\/v2\/types\/post"}],"author":[{"embeddable":true,"href":"https:\/\/cdnoticias.com\/index.php\/wp-json\/wp\/v2\/users\/4"}],"replies":[{"embeddable":true,"href":"https:\/\/cdnoticias.com\/index.php\/wp-json\/wp\/v2\/comments?post=185554"}],"version-history":[{"count":0,"href":"https:\/\/cdnoticias.com\/index.php\/wp-json\/wp\/v2\/posts\/185554\/revisions"}],"wp:featuredmedia":[{"embeddable":true,"href":"https:\/\/cdnoticias.com\/index.php\/wp-json\/wp\/v2\/media\/185555"}],"wp:attachment":[{"href":"https:\/\/cdnoticias.com\/index.php\/wp-json\/wp\/v2\/media?parent=185554"}],"wp:term":[{"taxonomy":"category","embeddable":true,"href":"https:\/\/cdnoticias.com\/index.php\/wp-json\/wp\/v2\/categories?post=185554"},{"taxonomy":"post_tag","embeddable":true,"href":"https:\/\/cdnoticias.com\/index.php\/wp-json\/wp\/v2\/tags?post=185554"}],"curies":[{"name":"wp","href":"https:\/\/api.w.org\/{rel}","templated":true}]}}