{"id":185545,"date":"2025-10-18T20:08:16","date_gmt":"2025-10-18T23:08:16","guid":{"rendered":"https:\/\/cdnoticias.com\/?p=185545"},"modified":"2025-10-19T09:35:11","modified_gmt":"2025-10-19T12:35:11","slug":"ante-un-gran-marco-de-concurrentes-se-llevo-a-cabo-una-reunion-para-avanzar-en-la-implementacion-del-asis","status":"publish","type":"post","link":"https:\/\/cdnoticias.com\/index.php\/2025\/10\/18\/ante-un-gran-marco-de-concurrentes-se-llevo-a-cabo-una-reunion-para-avanzar-en-la-implementacion-del-asis\/","title":{"rendered":"Ante un gran marco de concurrentes se llev\u00f3 a cabo una reuni\u00f3n para avanzar en la implementaci\u00f3n del ASIS"},"content":{"rendered":"<p>Se trata del An\u00e1lisis de Situaci\u00f3n Integral de Salud, impulsado desde la Subsecretar\u00eda de Atenci\u00f3n Primaria de la Salud. Pr\u00f3ximamente se iniciar\u00e1 el abordaje en territorio que se extender\u00e1 durante noviembre.<!--more--><\/p>\n<hr \/>\n<p>El Municipio de Olavarr\u00eda trabaja de forma sostenida en la<strong> implementaci\u00f3n del An\u00e1lisis de Situaci\u00f3n Integral de Salud (ASIS)<\/strong>, proyecto a cargo de la <strong>Subsecretar\u00eda de Atenci\u00f3n Primaria<\/strong> que permite profundizar el<strong> conocimiento sobre el perfil sanitario de la comunidad<\/strong>. En ese marco, <strong>el \u00faltimo viernes se concret\u00f3 una reuni\u00f3n informativa en el Centro Cultural San Jos\u00e9<\/strong>, instancia previa al abordaje en territorio.<\/p>\n<blockquote><p>Se trata de una herramienta estrat\u00e9gica de recolecci\u00f3n de datos mediante la cual se obtiene informaci\u00f3n real acerca del proceso de salud-enfermedad que experimentan las personas de nuestro Partido. Tal como anunci\u00f3 oportunamente la subsecretaria de APS Florencia Lestrada, \u201cabordaremos de manera integral a toda la comunidad de Olavarr\u00eda, a fin de trabajar l\u00edneas espec\u00edficas en funci\u00f3n de los hallazgos y generar pol\u00edticas p\u00fablicas dirigidas a las problem\u00e1ticas en salud puntuales en territorio\u201d.<\/p><\/blockquote>\n<p>Vale destacar, a la par, que el an\u00e1lisis se nutrir\u00e1 de los <strong>aportes de los 27 CAPS<\/strong> distribuidos estrat\u00e9gicamente en todo el Partido de Olavarr\u00eda, los cuales posibilitan la ejecuci\u00f3n de esta propuesta.<\/p>\n<p>La implementaci\u00f3n del ASIS est\u00e1 planteada por <strong>etapas<\/strong>, con una periodicidad de encuentros quincenal; durante los cuales se convoca a <strong>actores sociales referentes y trabajadores habituales<\/strong> de cada territorio, profesionales de los equipos de salud de APS (m\u00e9dicos generalistas, promotores de salud, pediatras, nutricionistas, odont\u00f3logos, fonoaudi\u00f3logos, enfermeros comunitarios, residentes de medicina general, epidemiolog\u00eda y coordinadores de la subsecretar\u00eda) y el equipo de la <strong>Direcci\u00f3n de Planificaci\u00f3n Estrat\u00e9gica<\/strong> de la Municipalidad de Olavarr\u00eda.<\/p>\n<p><img data-recalc-dims=\"1\" loading=\"lazy\" decoding=\"async\" class=\"alignnone size-full wp-image-185551 aligncenter\" src=\"https:\/\/i0.wp.com\/cdnoticias.com\/wp-content\/uploads\/2025\/10\/Analisis-de-Situacion-Integral-de-Salud-ASIS-02.jpeg?resize=800%2C446&#038;ssl=1\" alt=\"\" width=\"800\" height=\"446\" srcset=\"https:\/\/i0.wp.com\/cdnoticias.com\/wp-content\/uploads\/2025\/10\/Analisis-de-Situacion-Integral-de-Salud-ASIS-02.jpeg?w=1000&amp;ssl=1 1000w, https:\/\/i0.wp.com\/cdnoticias.com\/wp-content\/uploads\/2025\/10\/Analisis-de-Situacion-Integral-de-Salud-ASIS-02.jpeg?resize=300%2C167&amp;ssl=1 300w, https:\/\/i0.wp.com\/cdnoticias.com\/wp-content\/uploads\/2025\/10\/Analisis-de-Situacion-Integral-de-Salud-ASIS-02.jpeg?resize=768%2C428&amp;ssl=1 768w, https:\/\/i0.wp.com\/cdnoticias.com\/wp-content\/uploads\/2025\/10\/Analisis-de-Situacion-Integral-de-Salud-ASIS-02.jpeg?resize=800%2C445&amp;ssl=1 800w\" sizes=\"auto, (max-width: 800px) 100vw, 800px\" \/><\/p>\n<p>Las <strong>primeras cuatro instancias de esta iniciativa<\/strong> ya han sido completadas:<\/p>\n<ul>\n<li>Etapa 1: construcci\u00f3n del instrumento de recolecci\u00f3n de datos, entrevista o encuesta digitalizados. Revisi\u00f3n de antecedentes.<\/li>\n<li>Etapa 2: Aportes de los equipos de salud al instrumento de recolecci\u00f3n de datos y reevaluaci\u00f3n del mismo por parte de la comisi\u00f3n de ASIS.<\/li>\n<li>Etapa 3: Evaluaci\u00f3n final del instrumento, prueba piloto y generaci\u00f3n de protocolo de abordaje comunitario en atenci\u00f3n primaria.<\/li>\n<li>Etapa 4: Dise\u00f1o del muestreo, que comprende un n\u00famero m\u00ednimo significativo de poblaci\u00f3n.<\/li>\n<\/ul>\n<p><strong>Actualmente se trabaja en la etapa 5 (conformaci\u00f3n de los equipos y capacitaci\u00f3n)<\/strong>, para dar paso a la instancia siguiente que es la salida a campo. El pasado viernes <strong>m\u00e1s de un centenar de concurrentes<\/strong> se dieron cita en el Centro Cultural Municipal San Jos\u00e9, donde referentes de APS encabezaron una jornada informativa.<\/p>\n<p>Los equipos incluyen personal de salud municipal, estudiantes de medicina y enfermer\u00eda de la Facultad de Ciencias de la Salud de UNICEN; promotores de salud, residentes de Medicina General y Epidemiolog\u00eda. Cada \u00e1rea program\u00e1tica contar\u00e1 con un referente del Municipio y un equipo a cargo de la realizaci\u00f3n de las encuestas; para lo cual recibir\u00e1n la corriente capacitaci\u00f3n en los pr\u00f3ximos d\u00edas.<\/p>\n<blockquote><p>La fase de salida al territorio para realizar las encuestas est\u00e1 prevista para la tercera semana de octubre y se extender\u00e1 durante todo el mes de noviembre. Los equipos, debidamente identificados, saldr\u00e1n a recorrer los distintos puntos establecidos, para relevar la informaci\u00f3n necesaria. Para ello, se solicitar\u00e1 la colaboraci\u00f3n de vecinos y vecinas, para que puedan recibir a los encuestadores y responder las preguntas.<\/p><\/blockquote>\n<p><img data-recalc-dims=\"1\" loading=\"lazy\" decoding=\"async\" class=\"alignnone size-full wp-image-185552 aligncenter\" src=\"https:\/\/i0.wp.com\/cdnoticias.com\/wp-content\/uploads\/2025\/10\/Analisis-de-Situacion-Integral-de-Salud-ASIS-01.jpeg?resize=800%2C445&#038;ssl=1\" alt=\"\" width=\"800\" height=\"445\" srcset=\"https:\/\/i0.wp.com\/cdnoticias.com\/wp-content\/uploads\/2025\/10\/Analisis-de-Situacion-Integral-de-Salud-ASIS-01.jpeg?w=1000&amp;ssl=1 1000w, https:\/\/i0.wp.com\/cdnoticias.com\/wp-content\/uploads\/2025\/10\/Analisis-de-Situacion-Integral-de-Salud-ASIS-01.jpeg?resize=300%2C167&amp;ssl=1 300w, https:\/\/i0.wp.com\/cdnoticias.com\/wp-content\/uploads\/2025\/10\/Analisis-de-Situacion-Integral-de-Salud-ASIS-01.jpeg?resize=768%2C427&amp;ssl=1 768w, https:\/\/i0.wp.com\/cdnoticias.com\/wp-content\/uploads\/2025\/10\/Analisis-de-Situacion-Integral-de-Salud-ASIS-01.jpeg?resize=800%2C445&amp;ssl=1 800w\" sizes=\"auto, (max-width: 800px) 100vw, 800px\" \/><\/p>\n<p>Se estima que en los pr\u00f3ximos d\u00edas<strong> los equipos saldr\u00e1n dos veces por semana<\/strong> durante cuatro semanas intensivas.<\/p>\n<p>Posteriormente a la recolecci\u00f3n de datos,<strong> en diciembre, se procesar\u00e1n las encuestas<\/strong> con el respaldo del \u00e1rea de Planificaci\u00f3n. La subsecretar\u00eda de APS tambi\u00e9n realizar\u00e1 <strong>encuestas a informantes clave por \u00e1rea program\u00e1tica<\/strong>. En <strong>enero, se triangular\u00e1n los datos<\/strong> de la encuesta, los datos censales y las encuestas a referentes para obtener <strong>un informe final, que ser\u00e1 un an\u00e1lisis de la situaci\u00f3n integral de salud<\/strong>. Este informe permitir\u00e1 <strong>conocer la realidad socio-sanitaria de la comunidad<\/strong>.<\/p>\n<blockquote><p>La socializaci\u00f3n de este informe se realizar\u00e1 en marzo o abril. Se comunicar\u00e1n a la sociedad las principales problem\u00e1ticas encontradas, que se convertir\u00e1n en nuevos objetivos de trabajo. El documento tambi\u00e9n se entregar\u00e1 a cada grupo y \u00e1rea program\u00e1tica para que puedan desarrollar estrategias basadas en las necesidades de cada barrio. Adem\u00e1s, se socializar\u00e1 en mesas de gesti\u00f3n territorial en cada barrio con los vecinos, para involucrarlos en la b\u00fasqueda de soluciones a los problemas de salud.<\/p><\/blockquote>\n","protected":false},"excerpt":{"rendered":"<p>Se trata del An\u00e1lisis de Situaci\u00f3n Integral de Salud, impulsado desde la Subsecretar\u00eda de Atenci\u00f3n Primaria de la Salud. Pr\u00f3ximamente<\/p>\n","protected":false},"author":4,"featured_media":185550,"comment_status":"closed","ping_status":"closed","sticky":false,"template":"","format":"standard","meta":{"_jetpack_memberships_contains_paid_content":false,"footnotes":""},"categories":[5,1],"tags":[],"class_list":["post-185545","post","type-post","status-publish","format-standard","has-post-thumbnail","hentry","category-informacion-general","category-portada"],"jetpack_featured_media_url":"https:\/\/i0.wp.com\/cdnoticias.com\/wp-content\/uploads\/2025\/10\/Analisis-de-Situacion-Integral-de-Salud-ASIS-00.jpeg?fit=1000%2C556&ssl=1","jetpack_sharing_enabled":true,"_links":{"self":[{"href":"https:\/\/cdnoticias.com\/index.php\/wp-json\/wp\/v2\/posts\/185545","targetHints":{"allow":["GET"]}}],"collection":[{"href":"https:\/\/cdnoticias.com\/index.php\/wp-json\/wp\/v2\/posts"}],"about":[{"href":"https:\/\/cdnoticias.com\/index.php\/wp-json\/wp\/v2\/types\/post"}],"author":[{"embeddable":true,"href":"https:\/\/cdnoticias.com\/index.php\/wp-json\/wp\/v2\/users\/4"}],"replies":[{"embeddable":true,"href":"https:\/\/cdnoticias.com\/index.php\/wp-json\/wp\/v2\/comments?post=185545"}],"version-history":[{"count":0,"href":"https:\/\/cdnoticias.com\/index.php\/wp-json\/wp\/v2\/posts\/185545\/revisions"}],"wp:featuredmedia":[{"embeddable":true,"href":"https:\/\/cdnoticias.com\/index.php\/wp-json\/wp\/v2\/media\/185550"}],"wp:attachment":[{"href":"https:\/\/cdnoticias.com\/index.php\/wp-json\/wp\/v2\/media?parent=185545"}],"wp:term":[{"taxonomy":"category","embeddable":true,"href":"https:\/\/cdnoticias.com\/index.php\/wp-json\/wp\/v2\/categories?post=185545"},{"taxonomy":"post_tag","embeddable":true,"href":"https:\/\/cdnoticias.com\/index.php\/wp-json\/wp\/v2\/tags?post=185545"}],"curies":[{"name":"wp","href":"https:\/\/api.w.org\/{rel}","templated":true}]}}