{"id":185543,"date":"2025-10-18T14:55:28","date_gmt":"2025-10-18T17:55:28","guid":{"rendered":"https:\/\/cdnoticias.com\/?p=185543"},"modified":"2025-10-18T20:55:52","modified_gmt":"2025-10-18T23:55:52","slug":"un-adolescente-ataco-a-otro-a-punaladas-la-victima-quedo-internada","status":"publish","type":"post","link":"https:\/\/cdnoticias.com\/index.php\/2025\/10\/18\/un-adolescente-ataco-a-otro-a-punaladas-la-victima-quedo-internada\/","title":{"rendered":"Un adolescente atac\u00f3 a otro a pu\u00f1aladas: la v\u00edctima qued\u00f3 internada"},"content":{"rendered":"<p>El Municipio dio a conocer lo sucedido en la madrugada de este s\u00e1bado en el centro de la ciudad. Las actuaciones penales y de organismos municipales.<!--more--><\/p>\n<hr \/>\n<p>En la madrugada de este s\u00e1bado <strong>un adolescente de 17 a\u00f1os result\u00f3 con heridas punzo cortantes<\/strong> por parte de <strong>otro menor de 14 a\u00f1os<\/strong>. La v\u00edctima qued\u00f3 internada. El Municipio dio a conocer lo sucedido.<\/p>\n<p>\u00a0<\/p>\n<p>Se detall\u00f3 que las agresiones <strong>se habr\u00edan iniciado sobre Belgrano y Moreno y prolongado hasta Belgrano y Vicente L\u00f3pez<\/strong>, donde <strong>la v\u00edctima cay\u00f3 y fue asistida<\/strong> instantes despu\u00e9s por profesionales m\u00e9dicos.<\/p>\n<p>\u00a0<\/p>\n<blockquote>\n<p>Fue trasladado de inmediato al Hospital Municipal \u201cDoctor H\u00e9ctor Cura\u201d, donde permanece internado sin riesgo de vida.<\/p>\n<\/blockquote>\n<p>\u00a0<\/p>\n<p>Se iniciaron <strong>actuaciones penales caratuladas \u201clesiones\u201d<\/strong> con la intervenci\u00f3n de la fiscal\u00eda en turno, la <strong>UFI N\u00ba 10 a cargo de la fiscal Mariela Viceconte.<\/strong><\/p>\n<p>\u00a0<\/p>\n<p>\u201cEl <strong>Municipio de Olavarr\u00eda<\/strong>, a trav\u00e9s de la Subsecretar\u00eda de Protecci\u00f3n Ciudadana, <strong>colabora en el esclarecimiento y en la determinaci\u00f3n de responsabilidades<\/strong> a partir de im\u00e1genes captadas por el Centro de Monitoreo Municipal, que se encuentran a disposici\u00f3n de la Justicia y desde la<strong> Subsecretar\u00eda de Protecci\u00f3n integral de Derechos a cargo de Malena Pianciola<\/strong> que est\u00e1n en contacto con los familiares\u201d se inform\u00f3.<\/p>\n\n\n<p><\/p>\n","protected":false},"excerpt":{"rendered":"<p>El Municipio dio a conocer lo sucedido en la madrugada de este s\u00e1bado en el centro de la ciudad. Las<\/p>\n","protected":false},"author":4,"featured_media":177068,"comment_status":"closed","ping_status":"closed","sticky":false,"template":"","format":"standard","meta":{"_jetpack_memberships_contains_paid_content":false,"footnotes":""},"categories":[14,1],"tags":[],"class_list":["post-185543","post","type-post","status-publish","format-standard","has-post-thumbnail","hentry","category-policiales","category-portada"],"jetpack_featured_media_url":"https:\/\/i0.wp.com\/cdnoticias.com\/wp-content\/uploads\/2025\/07\/hospital-municipal-frente-00.jpg?fit=1000%2C556&ssl=1","jetpack_sharing_enabled":true,"_links":{"self":[{"href":"https:\/\/cdnoticias.com\/index.php\/wp-json\/wp\/v2\/posts\/185543","targetHints":{"allow":["GET"]}}],"collection":[{"href":"https:\/\/cdnoticias.com\/index.php\/wp-json\/wp\/v2\/posts"}],"about":[{"href":"https:\/\/cdnoticias.com\/index.php\/wp-json\/wp\/v2\/types\/post"}],"author":[{"embeddable":true,"href":"https:\/\/cdnoticias.com\/index.php\/wp-json\/wp\/v2\/users\/4"}],"replies":[{"embeddable":true,"href":"https:\/\/cdnoticias.com\/index.php\/wp-json\/wp\/v2\/comments?post=185543"}],"version-history":[{"count":0,"href":"https:\/\/cdnoticias.com\/index.php\/wp-json\/wp\/v2\/posts\/185543\/revisions"}],"wp:featuredmedia":[{"embeddable":true,"href":"https:\/\/cdnoticias.com\/index.php\/wp-json\/wp\/v2\/media\/177068"}],"wp:attachment":[{"href":"https:\/\/cdnoticias.com\/index.php\/wp-json\/wp\/v2\/media?parent=185543"}],"wp:term":[{"taxonomy":"category","embeddable":true,"href":"https:\/\/cdnoticias.com\/index.php\/wp-json\/wp\/v2\/categories?post=185543"},{"taxonomy":"post_tag","embeddable":true,"href":"https:\/\/cdnoticias.com\/index.php\/wp-json\/wp\/v2\/tags?post=185543"}],"curies":[{"name":"wp","href":"https:\/\/api.w.org\/{rel}","templated":true}]}}