{"id":185515,"date":"2025-10-17T19:20:11","date_gmt":"2025-10-17T22:20:11","guid":{"rendered":"https:\/\/cdnoticias.com\/?p=185515"},"modified":"2025-10-17T20:46:53","modified_gmt":"2025-10-17T23:46:53","slug":"ruta-3-un-fallecido-y-dos-heridos-en-monte","status":"publish","type":"post","link":"https:\/\/cdnoticias.com\/index.php\/2025\/10\/17\/ruta-3-un-fallecido-y-dos-heridos-en-monte\/","title":{"rendered":"Ruta 3: un fallecido y dos heridos en Monte"},"content":{"rendered":"<p>El tr\u00e1gico siniestro vial se dio a la altura de Videla Dorna. Dos veh\u00edculos chocaron de manera frontal en la tarde de este viernes.<!--more--><\/p>\n<hr \/>\n<p>En la <strong>tarde de este viernes, alrededor de las 16 horas<\/strong>, se registr\u00f3<strong> un tr\u00e1gico siniestro vial<\/strong> sobre la <strong>Ruta Nacional N\u00b0 3 a la altura del kil\u00f3metro 119<\/strong>. Se ubica en jurisdicci\u00f3n de<strong> San Miguel del Monte<\/strong>, zona de Videla Dorna.<\/p>\n<p>Dos veh\u00edculos <strong>colisionaron de manera frontal<\/strong>. Un <strong>Honda Civic blanco<\/strong>, que se desplazaba desde Tandil hacia la Ciudad de Buenos Aires, y un <strong>Toyota Corolla Cros<\/strong>s que circulaba en sentido contrario, se vieron involucrados.<\/p>\n<blockquote><p>Como consecuencia del fuerte impacto, el conductor del Honda Civic perdi\u00f3 la vida en el acto. En tanto, su acompa\u00f1ante y uno de los ocupantes del otro autom\u00f3vil fueron trasladados de urgencia al Hospital Zen\u00f3n Videla Dorna de San Miguel del Monte, ambos con politraumatismos m\u00faltiples.<\/p><\/blockquote>\n<p>Fuentes cercanas a la investigaci\u00f3n indicaron que <strong>una maniobra de sobrepaso podr\u00eda haber sido el origen del siniestro<\/strong>, aunque las pericias oficiales intentar\u00e1n establecer con precisi\u00f3n c\u00f3mo se produjo el choque.<\/p>\n<p>En el lugar trabajaron bomberos voluntarios, personal del servicio de emergencias m\u00e9dicas y efectivos policiales, quienes coordinaron las tareas de rescate, asistencia y control del tr\u00e1nsito en una zona que permaneci\u00f3 parcialmente cortada durante varias horas.<\/p>\n<p>Fuente y foto: <em>FM Actitud<\/em><\/p>\n","protected":false},"excerpt":{"rendered":"<p>El tr\u00e1gico siniestro vial se dio a la altura de Videla Dorna. Dos veh\u00edculos chocaron de manera frontal en la<\/p>\n","protected":false},"author":4,"featured_media":185516,"comment_status":"closed","ping_status":"closed","sticky":false,"template":"","format":"standard","meta":{"_jetpack_memberships_contains_paid_content":false,"footnotes":""},"categories":[6,1],"tags":[],"class_list":["post-185515","post","type-post","status-publish","format-standard","has-post-thumbnail","hentry","category-nacionales","category-portada"],"jetpack_featured_media_url":"https:\/\/i0.wp.com\/cdnoticias.com\/wp-content\/uploads\/2025\/10\/choque-ruta-3-km-119-san-miguel-del-monte.jpg?fit=1000%2C557&ssl=1","jetpack_sharing_enabled":true,"_links":{"self":[{"href":"https:\/\/cdnoticias.com\/index.php\/wp-json\/wp\/v2\/posts\/185515","targetHints":{"allow":["GET"]}}],"collection":[{"href":"https:\/\/cdnoticias.com\/index.php\/wp-json\/wp\/v2\/posts"}],"about":[{"href":"https:\/\/cdnoticias.com\/index.php\/wp-json\/wp\/v2\/types\/post"}],"author":[{"embeddable":true,"href":"https:\/\/cdnoticias.com\/index.php\/wp-json\/wp\/v2\/users\/4"}],"replies":[{"embeddable":true,"href":"https:\/\/cdnoticias.com\/index.php\/wp-json\/wp\/v2\/comments?post=185515"}],"version-history":[{"count":0,"href":"https:\/\/cdnoticias.com\/index.php\/wp-json\/wp\/v2\/posts\/185515\/revisions"}],"wp:featuredmedia":[{"embeddable":true,"href":"https:\/\/cdnoticias.com\/index.php\/wp-json\/wp\/v2\/media\/185516"}],"wp:attachment":[{"href":"https:\/\/cdnoticias.com\/index.php\/wp-json\/wp\/v2\/media?parent=185515"}],"wp:term":[{"taxonomy":"category","embeddable":true,"href":"https:\/\/cdnoticias.com\/index.php\/wp-json\/wp\/v2\/categories?post=185515"},{"taxonomy":"post_tag","embeddable":true,"href":"https:\/\/cdnoticias.com\/index.php\/wp-json\/wp\/v2\/tags?post=185515"}],"curies":[{"name":"wp","href":"https:\/\/api.w.org\/{rel}","templated":true}]}}