{"id":185497,"date":"2025-10-18T09:14:08","date_gmt":"2025-10-18T12:14:08","guid":{"rendered":"https:\/\/cdnoticias.com\/?p=185497"},"modified":"2025-10-18T09:14:10","modified_gmt":"2025-10-18T12:14:10","slug":"la-inflacion-mayorista-fue-37-en-septiembre-y-anticipan-un-rebrote-del-ipc-en-octubre","status":"publish","type":"post","link":"https:\/\/cdnoticias.com\/index.php\/2025\/10\/18\/la-inflacion-mayorista-fue-37-en-septiembre-y-anticipan-un-rebrote-del-ipc-en-octubre\/","title":{"rendered":"La inflaci\u00f3n mayorista fue 3,7% en septiembre y anticipan un rebrote del IPC en octubre"},"content":{"rendered":"\n<p>Los productos importados reflejaron la suba del d\u00f3lar y saltaron un 9%. Es el mayor aumento desde mayo de 2024.<\/p>\n\n\n\n<hr class=\"wp-block-separator aligncenter has-alpha-channel-opacity\"\/>\n\n\n\n<p>Los <strong>precios mayoristas volvieron a mostrar una fuerte aceleraci\u00f3n en el mes de septiembre.\u00a0<\/strong>Seg\u00fan los datos difundidos por el <strong>Instituto Nacional de Estad\u00edstica y Censos<\/strong> (Indec), el \u00cdndice de Precios Internos al por Mayor (IPIM) registr\u00f3 una <strong>suba mensual de 3,7% respecto de agosto<\/strong>, impulsada por <strong>aumentos del 3,3% <\/strong>en los productos nacionales y del <strong>9% en los importados<\/strong>, lo que implica que el traslado a precios (pass througt) se produce, pero <strong>no llega a los mostradores y g\u00f3ndolas por la crisis en el consumo.<\/strong><\/p>\n\n\n\n<p><\/p>\n\n\n\n<blockquote class=\"wp-block-quote is-layout-flow wp-block-quote-is-layout-flow\">\n<p>La inflaci\u00f3n mayorista en el mes de agosto hab\u00eda llegado al 3,1 y al 2,8% en julio, lo que marca un camino alcista que muy probablemente se trasladen a los precios minoristas.<\/p>\n<\/blockquote>\n\n\n\n<p><\/p>\n\n\n\n<p>Las acciones argentinas en Wall Street y los bonos soberanos en d\u00f3lares operan mayormente en rojo reflejando la incertidumbre que reina en el mercado, pese a las declaraciones de Scott Bessent y el rescate de Estados Unidos.<\/p>\n\n\n\n<p><\/p>\n\n\n\n<blockquote class=\"wp-block-quote is-layout-flow wp-block-quote-is-layout-flow\">\n<p>De esta manera, la inflaci\u00f3n mayorista acumulada en el a\u00f1o 2025 lleg\u00f3 al 20% y la interanual al 24,2%, bastante por debajo de la inflaci\u00f3n del \u00cdndice de Precios al Consumidor (IPC) que fue del 31,8%.<\/p>\n<\/blockquote>\n\n\n\n<p><\/p>\n\n\n\n<p><strong>Aceleran los costos al productor y los precios b\u00e1sicos<\/strong><\/p>\n\n\n\n<p>Dentro de los \u201cProductos nacionales\u201d, las divisiones con mayor incidencia en el IPIM fueron \u201cProductos agropecuarios\u201d (0,42%), \u201cProductos refinados del petr\u00f3leo\u201d (0,37%), \u201cVeh\u00edculos automotores, carrocer\u00edas y repuestos\u201d (0,35%), \u201cPetr\u00f3leo crudo y gas\u201d (0,34%) y \u201cAlimentos y bebidas\u201d (0,24%).<\/p>\n\n\n\n<p><\/p>\n\n\n\n<p>Por otra parte, el nivel general del \u00cdndice de precios internos b\u00e1sicos al por mayor (IPIB) mostr\u00f3 un aumento de 4,1% en el mismo per\u00edodo. En este caso, se explica por la suba de 3,7% en los \u201cProductos nacionales\u201d y de 9% en los \u201cProductos importados\u201d.<\/p>\n\n\n\n<p><\/p>\n\n\n\n<p>Asimismo, el nivel general del \u00cdndice de precios b\u00e1sicos del productor (IPP) registr\u00f3 un incremento de 4% , como consecuencia de la suba de 5,2% en los \u201cProductos primarios\u201d y de 3,5% en los \u201cProductos manufacturados y energ\u00eda el\u00e9ctrica\u201d.<\/p>\n\n\n\n<p><\/p>\n\n\n\n<p><em>Fuente: DIB\u00a0<\/em><\/p>\n","protected":false},"excerpt":{"rendered":"<p>Los productos importados reflejaron la suba del d\u00f3lar y saltaron un 9%. Es el mayor aumento desde mayo de 2024.<\/p>\n","protected":false},"author":6,"featured_media":127207,"comment_status":"closed","ping_status":"closed","sticky":false,"template":"","format":"standard","meta":{"_jetpack_memberships_contains_paid_content":false,"footnotes":""},"categories":[6,1],"tags":[],"class_list":["post-185497","post","type-post","status-publish","format-standard","has-post-thumbnail","hentry","category-nacionales","category-portada"],"jetpack_featured_media_url":"https:\/\/i0.wp.com\/cdnoticias.com\/wp-content\/uploads\/2024\/10\/mayoristas-imagen.jpg?fit=900%2C530&ssl=1","jetpack_sharing_enabled":true,"_links":{"self":[{"href":"https:\/\/cdnoticias.com\/index.php\/wp-json\/wp\/v2\/posts\/185497","targetHints":{"allow":["GET"]}}],"collection":[{"href":"https:\/\/cdnoticias.com\/index.php\/wp-json\/wp\/v2\/posts"}],"about":[{"href":"https:\/\/cdnoticias.com\/index.php\/wp-json\/wp\/v2\/types\/post"}],"author":[{"embeddable":true,"href":"https:\/\/cdnoticias.com\/index.php\/wp-json\/wp\/v2\/users\/6"}],"replies":[{"embeddable":true,"href":"https:\/\/cdnoticias.com\/index.php\/wp-json\/wp\/v2\/comments?post=185497"}],"version-history":[{"count":0,"href":"https:\/\/cdnoticias.com\/index.php\/wp-json\/wp\/v2\/posts\/185497\/revisions"}],"wp:featuredmedia":[{"embeddable":true,"href":"https:\/\/cdnoticias.com\/index.php\/wp-json\/wp\/v2\/media\/127207"}],"wp:attachment":[{"href":"https:\/\/cdnoticias.com\/index.php\/wp-json\/wp\/v2\/media?parent=185497"}],"wp:term":[{"taxonomy":"category","embeddable":true,"href":"https:\/\/cdnoticias.com\/index.php\/wp-json\/wp\/v2\/categories?post=185497"},{"taxonomy":"post_tag","embeddable":true,"href":"https:\/\/cdnoticias.com\/index.php\/wp-json\/wp\/v2\/tags?post=185497"}],"curies":[{"name":"wp","href":"https:\/\/api.w.org\/{rel}","templated":true}]}}