{"id":185483,"date":"2025-10-17T13:07:36","date_gmt":"2025-10-17T16:07:36","guid":{"rendered":"https:\/\/cdnoticias.com\/?p=185483"},"modified":"2025-10-17T13:07:38","modified_gmt":"2025-10-17T16:07:38","slug":"una-noche-inolvidable-en-la-sociedad-libanesa-de-olavarria","status":"publish","type":"post","link":"https:\/\/cdnoticias.com\/index.php\/2025\/10\/17\/una-noche-inolvidable-en-la-sociedad-libanesa-de-olavarria\/","title":{"rendered":"Una noche inolvidable en la Sociedad Libanesa de Olavarr\u00eda"},"content":{"rendered":"<p>Una cena show que reuni\u00f3 a m\u00e1s de 200 personas en el Sal\u00f3n Baalbek. La instituci\u00f3n sum\u00f3 fondos para remodelar parte de su sede. Se anunci\u00f3 la pr\u00f3xima edici\u00f3n, en mayo de 2026.<!--more--><\/p>\n<hr \/>\n<p>Con <strong>un resultado que super\u00f3 todas las expectativas<\/strong>, el s\u00e1bado pasado, la<strong> Sociedad Libanesa de Olavarr\u00eda<\/strong> llev\u00f3 adelante <strong>una cena show que reuni\u00f3 a m\u00e1s de 200 personas en el Sal\u00f3n Baalbek<\/strong>, en una verdadera celebraci\u00f3n de la cultura, la m\u00fasica, la gastronom\u00eda y la alegr\u00eda.<\/p>\n<p>La velada cont\u00f3 con la presentaci\u00f3n de <strong>una orquesta que interpret\u00f3 canciones en \u00e1rabe<\/strong> y lograron armonizar la noche con un repertorio que emocion\u00f3 al p\u00fablico. La <strong>bailarina de belly dance<\/strong> aport\u00f3 un toque de color y energ\u00eda con un show diferente, lleno de ritmo y encanto.<\/p>\n<p><img data-recalc-dims=\"1\" loading=\"lazy\" decoding=\"async\" class=\"alignnone size-full wp-image-185485 aligncenter\" src=\"https:\/\/i0.wp.com\/cdnoticias.com\/wp-content\/uploads\/2025\/10\/sociedad-libanesa-2.jpg?resize=800%2C445&#038;ssl=1\" alt=\"\" width=\"800\" height=\"445\" srcset=\"https:\/\/i0.wp.com\/cdnoticias.com\/wp-content\/uploads\/2025\/10\/sociedad-libanesa-2.jpg?w=1000&amp;ssl=1 1000w, https:\/\/i0.wp.com\/cdnoticias.com\/wp-content\/uploads\/2025\/10\/sociedad-libanesa-2.jpg?resize=300%2C167&amp;ssl=1 300w, https:\/\/i0.wp.com\/cdnoticias.com\/wp-content\/uploads\/2025\/10\/sociedad-libanesa-2.jpg?resize=768%2C427&amp;ssl=1 768w, https:\/\/i0.wp.com\/cdnoticias.com\/wp-content\/uploads\/2025\/10\/sociedad-libanesa-2.jpg?resize=800%2C445&amp;ssl=1 800w\" sizes=\"auto, (max-width: 800px) 100vw, 800px\" \/><\/p>\n<p>Tambi\u00e9n se presentaron <strong>danzas locales<\/strong>, bajo la direcci\u00f3n de las profesoras Sara Abdala y Vanesa Prestipino, que sumaron talento y emoci\u00f3n al encuentro.<\/p>\n<p>El evento incluy\u00f3 adem\u00e1s <strong>numerosos sorteos, entre ellos un viaje a Merlo para dos personas<\/strong>, lo que a\u00f1adi\u00f3 a\u00fan m\u00e1s entusiasmo a una noche que fue, sin dudas, una verdadera fiesta.<\/p>\n<p>La <strong>gastronom\u00eda de primer nivel<\/strong> acompa\u00f1\u00f3 de principio a fin, con una propuesta de varios pasos: r<strong>ecepci\u00f3n, mezze, fatay, keppe, postre y caf\u00e9 con el tradicional baklava<\/strong>, deleitando a todos los presentes.<\/p>\n<p><img data-recalc-dims=\"1\" loading=\"lazy\" decoding=\"async\" class=\"alignnone size-full wp-image-185486 aligncenter\" src=\"https:\/\/i0.wp.com\/cdnoticias.com\/wp-content\/uploads\/2025\/10\/sociedad-libanesa-3.jpg?resize=800%2C445&#038;ssl=1\" alt=\"\" width=\"800\" height=\"445\" srcset=\"https:\/\/i0.wp.com\/cdnoticias.com\/wp-content\/uploads\/2025\/10\/sociedad-libanesa-3.jpg?w=1000&amp;ssl=1 1000w, https:\/\/i0.wp.com\/cdnoticias.com\/wp-content\/uploads\/2025\/10\/sociedad-libanesa-3.jpg?resize=300%2C167&amp;ssl=1 300w, https:\/\/i0.wp.com\/cdnoticias.com\/wp-content\/uploads\/2025\/10\/sociedad-libanesa-3.jpg?resize=768%2C427&amp;ssl=1 768w, https:\/\/i0.wp.com\/cdnoticias.com\/wp-content\/uploads\/2025\/10\/sociedad-libanesa-3.jpg?resize=800%2C445&amp;ssl=1 800w\" sizes=\"auto, (max-width: 800px) 100vw, 800px\" \/><\/p>\n<blockquote><p>Detr\u00e1s de esta exitosa jornada hubo un gran trabajo de colaboradores y miembros de la Comisi\u00f3n Directiva, quienes hicieron posible el evento con esfuerzo y dedicaci\u00f3n. La Sociedad Libanesa agradeci\u00f3 sinceramente a todos los que participaron, colaboraron, realizaron donaciones y apostaron a este tipo de encuentros, que ayuda a cumplir m\u00e1s objetivos institucionales.<\/p><\/blockquote>\n<p>Los<strong> fondos recaudados<\/strong> ser\u00e1n destinados a la <strong>remodelaci\u00f3n de la planta baja del edificio<\/strong>, donde se est\u00e1 construyendo una nueva cocina, un espacio que brindar\u00e1 beneficios tanto a los socios como a toda la comunidad.<\/p>\n<p>Finalmente, se anunci\u00f3 que la <strong>pr\u00f3xima edici\u00f3n<\/strong> de esta gran celebraci\u00f3n cultural ya tiene fecha prevista: <strong>mayo de 2026<\/strong>.<\/p>\n","protected":false},"excerpt":{"rendered":"<p>Una cena show que reuni\u00f3 a m\u00e1s de 200 personas en el Sal\u00f3n Baalbek. La instituci\u00f3n sum\u00f3 fondos para remodelar<\/p>\n","protected":false},"author":4,"featured_media":185484,"comment_status":"closed","ping_status":"closed","sticky":false,"template":"","format":"standard","meta":{"_jetpack_memberships_contains_paid_content":false,"footnotes":""},"categories":[9,1],"tags":[],"class_list":["post-185483","post","type-post","status-publish","format-standard","has-post-thumbnail","hentry","category-cultura","category-portada"],"jetpack_featured_media_url":"https:\/\/i0.wp.com\/cdnoticias.com\/wp-content\/uploads\/2025\/10\/sociedad-libanesa-1.jpg?fit=1000%2C556&ssl=1","jetpack_sharing_enabled":true,"_links":{"self":[{"href":"https:\/\/cdnoticias.com\/index.php\/wp-json\/wp\/v2\/posts\/185483","targetHints":{"allow":["GET"]}}],"collection":[{"href":"https:\/\/cdnoticias.com\/index.php\/wp-json\/wp\/v2\/posts"}],"about":[{"href":"https:\/\/cdnoticias.com\/index.php\/wp-json\/wp\/v2\/types\/post"}],"author":[{"embeddable":true,"href":"https:\/\/cdnoticias.com\/index.php\/wp-json\/wp\/v2\/users\/4"}],"replies":[{"embeddable":true,"href":"https:\/\/cdnoticias.com\/index.php\/wp-json\/wp\/v2\/comments?post=185483"}],"version-history":[{"count":0,"href":"https:\/\/cdnoticias.com\/index.php\/wp-json\/wp\/v2\/posts\/185483\/revisions"}],"wp:featuredmedia":[{"embeddable":true,"href":"https:\/\/cdnoticias.com\/index.php\/wp-json\/wp\/v2\/media\/185484"}],"wp:attachment":[{"href":"https:\/\/cdnoticias.com\/index.php\/wp-json\/wp\/v2\/media?parent=185483"}],"wp:term":[{"taxonomy":"category","embeddable":true,"href":"https:\/\/cdnoticias.com\/index.php\/wp-json\/wp\/v2\/categories?post=185483"},{"taxonomy":"post_tag","embeddable":true,"href":"https:\/\/cdnoticias.com\/index.php\/wp-json\/wp\/v2\/tags?post=185483"}],"curies":[{"name":"wp","href":"https:\/\/api.w.org\/{rel}","templated":true}]}}