{"id":185453,"date":"2025-10-17T18:01:24","date_gmt":"2025-10-17T21:01:24","guid":{"rendered":"https:\/\/cdnoticias.com\/?p=185453"},"modified":"2025-10-17T19:21:08","modified_gmt":"2025-10-17T22:21:08","slug":"con-una-caravana-de-mas-de-50-autos-la-galera-encabezara-la-1o-vuelta-de-los-gringos-emiliozzi","status":"publish","type":"post","link":"https:\/\/cdnoticias.com\/index.php\/2025\/10\/17\/con-una-caravana-de-mas-de-50-autos-la-galera-encabezara-la-1o-vuelta-de-los-gringos-emiliozzi\/","title":{"rendered":"Con una caravana de m\u00e1s de 50 autos La Galera encabezar\u00e1 la 1\u00ba \u201cVuelta de los Gringos Emiliozzi\u201d"},"content":{"rendered":"\n<p>Ser\u00e1 este s\u00e1bado 18 de octubre en el marco del 12\u00b0 Aniversario del Museo Hermanos Emiliozzi.&nbsp;<\/p>\n\n\n\n<hr class=\"wp-block-separator aligncenter has-alpha-channel-opacity\"\/>\n\n\n\n<p>En el marco del <strong>12\u00ba Aniversario del Museo Municipal Hermanos Emiliozzi<\/strong>, este<strong> s\u00e1bado 18 de octubre<\/strong> tendr\u00e1 lugar la<strong> primera edici\u00f3n de \u201cLa Vuelta de los Gringos Emiliozzi\u201d<\/strong>, un evento in\u00e9dito que<strong> reunir\u00e1 a m\u00e1s de 50 autos antiguos, cl\u00e1sicos y de competici\u00f3n, <\/strong>que realizar\u00e1n un recorrido por calles de la ciudad, en el marco de una caravana que ser\u00e1 encabezada por la m\u00edtica <strong>Galera.<\/strong><\/p>\n\n\n\n<p><\/p>\n\n\n\n<blockquote class=\"wp-block-quote is-layout-flow wp-block-quote-is-layout-flow\">\n<p>El punto de concentraci\u00f3n ser\u00e1 a las 15:30 horas, en el Museo Municipal \u201cHermanos Emiliozzi\u201d, para salir puntual a las 16 horas. El itinerario se iniciar\u00e1 en el Museo de Sitio \u201cHermanos Emiliozzi\u201d, por calle Necochea hasta Brown, rumbo a avenida Del Valle, Maip\u00fa, V\u00e9lez Sarsfield, costanera del Arroyo hasta avenida Col\u00f3n, avenida Pringles y avenida Dante y Torcuato Emiliozzi, Aut\u00f3dromo Hermanos Emiliozzi, donde los autos giraran detr\u00e1s de la Galera para luego regresar por avenida Dante y Torcuato Emiliozzi.<\/p>\n<\/blockquote>\n\n\n\n<p><\/p>\n\n\n\n<p>Desde la organizaci\u00f3n, se estipula que <strong>la caravana finalizar\u00e1 con su recorrido a las 18 horas en el puente Dante y Torcuato Emiliozzi,<\/strong> con una <strong>exposici\u00f3n de los autos que participan de este encuentro.<\/strong><\/p>\n\n\n\n<p><\/p>\n\n\n\n<p>La organizaci\u00f3n de este evento tan significativo se retrotrae <strong>a las carreras de inicios de los a\u00f1os 50\u2019 <\/strong>que comenzaron a llevar el nombre de \u201cVuelta\u201d, y se desarrollaban en rutas abiertas uniendo pueblos y ciudades.<\/p>\n\n\n\n<p><\/p>\n\n\n\n<blockquote class=\"wp-block-quote is-layout-flow wp-block-quote-is-layout-flow\">\n<p>En aquella \u00e9poca el club organizador determinaba un circuito de tierra o de asfalto, a veces mixtos, y se corr\u00eda la \u201cVuelta\u201d con puntaje para el campeonato del Turismo Carretera. All\u00ed pilotos y copilotos se lanzaban con sus b\u00f3lidos por esos largos caminos dispuestos a competir y consagrarse, ante la mirada de miles de vecinos aficionados al deporte motor. As\u00ed surgen la \u201cVuelta de Olavarr\u00eda\u201d, la \u201cVuelta de Rojas\u201d, &#8220;Vuelta de Pergamino\u201d, \u201cVuelta de Necochea\u201d y muchas m\u00e1s.<\/p>\n<\/blockquote>\n\n\n\n<p><\/p>\n\n\n\n<p>Los hermanos Dante y Torcuato Emiliozzi formaron parte de ese automovilismo, ganaron \u201cVueltas\u201d, Grandes Premios y Campeonatos, pero por sobre todo esto llevaron la impronta de nuestra ciudad: Olavarr\u00eda, a trav\u00e9s de los caminos de la patria.<\/p>\n\n\n\n<p><\/p>\n\n\n\n<p>&#8220;<em>Se invita a toda la comunidad del Partido de Olavarr\u00eda, de la zona, la provincia de Buenos Aires y de distintos puntos del pa\u00eds a participar de este evento que promete ser inolvidable&#8221;<\/em> se\u00f1alaron desde la organizaci\u00f3n. <\/p>\n\n\n\n<p><\/p>\n\n\n\n<p>Asimismo podr\u00e1n ser parte del recorrido que La Galera junto a m\u00e1s de 50 autos realizar\u00e1 por calles de nuestra ciudad, alentando y formando parte de la gran hinchada de los Emiliozzi.<\/p>\n\n\n\n<p><\/p>\n","protected":false},"excerpt":{"rendered":"<p>Ser\u00e1 este s\u00e1bado 18 de octubre en el marco del 12\u00b0 Aniversario del Museo Hermanos Emiliozzi.&nbsp; En el marco del<\/p>\n","protected":false},"author":6,"featured_media":99364,"comment_status":"closed","ping_status":"closed","sticky":false,"template":"","format":"standard","meta":{"_jetpack_memberships_contains_paid_content":false,"footnotes":""},"categories":[9,1],"tags":[],"class_list":["post-185453","post","type-post","status-publish","format-standard","has-post-thumbnail","hentry","category-cultura","category-portada"],"jetpack_featured_media_url":"https:\/\/i0.wp.com\/cdnoticias.com\/wp-content\/uploads\/2023\/10\/Cultura-Galera-en-Expo-2019-1024x683-1.png?fit=1000%2C667&ssl=1","jetpack_sharing_enabled":true,"_links":{"self":[{"href":"https:\/\/cdnoticias.com\/index.php\/wp-json\/wp\/v2\/posts\/185453","targetHints":{"allow":["GET"]}}],"collection":[{"href":"https:\/\/cdnoticias.com\/index.php\/wp-json\/wp\/v2\/posts"}],"about":[{"href":"https:\/\/cdnoticias.com\/index.php\/wp-json\/wp\/v2\/types\/post"}],"author":[{"embeddable":true,"href":"https:\/\/cdnoticias.com\/index.php\/wp-json\/wp\/v2\/users\/6"}],"replies":[{"embeddable":true,"href":"https:\/\/cdnoticias.com\/index.php\/wp-json\/wp\/v2\/comments?post=185453"}],"version-history":[{"count":0,"href":"https:\/\/cdnoticias.com\/index.php\/wp-json\/wp\/v2\/posts\/185453\/revisions"}],"wp:featuredmedia":[{"embeddable":true,"href":"https:\/\/cdnoticias.com\/index.php\/wp-json\/wp\/v2\/media\/99364"}],"wp:attachment":[{"href":"https:\/\/cdnoticias.com\/index.php\/wp-json\/wp\/v2\/media?parent=185453"}],"wp:term":[{"taxonomy":"category","embeddable":true,"href":"https:\/\/cdnoticias.com\/index.php\/wp-json\/wp\/v2\/categories?post=185453"},{"taxonomy":"post_tag","embeddable":true,"href":"https:\/\/cdnoticias.com\/index.php\/wp-json\/wp\/v2\/tags?post=185453"}],"curies":[{"name":"wp","href":"https:\/\/api.w.org\/{rel}","templated":true}]}}