{"id":18545,"date":"2021-04-11T12:28:40","date_gmt":"2021-04-11T15:28:40","guid":{"rendered":"http:\/\/www.centraldenoticias.com.ar\/?p=18545"},"modified":"2021-04-11T12:28:40","modified_gmt":"2021-04-11T15:28:40","slug":"habra-conferencia-de-prensa-por-la-situacion-sanitaria-local","status":"publish","type":"post","link":"https:\/\/cdnoticias.com\/index.php\/2021\/04\/11\/habra-conferencia-de-prensa-por-la-situacion-sanitaria-local\/","title":{"rendered":"Habr\u00e1 conferencia de prensa por la situaci\u00f3n sanitaria local"},"content":{"rendered":"<p>Ser\u00e1 este domingo de las 20 horas. Habr\u00e1 transmisi\u00f3n en las redes sociales de Central de Noticias.\u00a0<!--more--><\/p>\n<hr \/>\n<p>En un momento complejo para la ciudad,<strong> el intendente Ezequiel Galli dialogar\u00e1 con los medios locales acerca de la situaci\u00f3n sanitaria este domingo desde las 20 horas.<\/strong><\/p>\n<p>&nbsp;<\/p>\n<p>Con un pico de casos de COVID, alta ocupaci\u00f3n hospitalaria y la alarmante situaci\u00f3n con la aparici\u00f3n de casos con diversas cepas del virus, tales como la Brit\u00e1nica y Manaos, <strong>el jefe comunal explicar\u00e1 las medidas tomadas y abordar\u00e1 la situaci\u00f3n sanitaria actual.<\/strong><\/p>\n<p>&nbsp;<\/p>\n<p>Hace algunas horas<a href=\"https:\/\/cdnoticias.com\/index.php\/2021\/04\/11\/ezequiel-galli-estamos-ante-una-ola-muy-fuerte\/\" target=\"_blank\" rel=\"noopener\"> el jefe comunal dialog\u00f3 con el canal de noticias de alcance nacional TN<\/a>, donde admiti\u00f3 que el informe del Hospital Guti\u00e9rrez cay\u00f3 \u201ccomo un baldazo de agua fr\u00eda\u201d y que se consensu\u00f3 con la Provincia la decisi\u00f3n de volver a Fase 3.<\/p>\n<p>&nbsp;<\/p>\n<p>Tal como sucede en este tipo de actividades, <strong>habr\u00e1 <a href=\"https:\/\/www.facebook.com\/cdnolavarria\" target=\"_blank\" rel=\"noopener\">transmisi\u00f3n en vivo de Central de Noticias tanto en la p\u00e1gina de Facebook<\/a> como en <a href=\"https:\/\/www.instagram.com\/cdnolavarria\/\" target=\"_blank\" rel=\"noopener\">Instagram.<\/a><\/strong><\/p>\n","protected":false},"excerpt":{"rendered":"<p>Ser\u00e1 este domingo de las 20 horas. Habr\u00e1 transmisi\u00f3n en las redes sociales de Central de Noticias.\u00a0<\/p>\n","protected":false},"author":2,"featured_media":16979,"comment_status":"closed","ping_status":"closed","sticky":false,"template":"","format":"standard","meta":{"_jetpack_memberships_contains_paid_content":false,"footnotes":""},"categories":[5,1],"tags":[],"class_list":["post-18545","post","type-post","status-publish","format-standard","has-post-thumbnail","hentry","category-informacion-general","category-portada"],"jetpack_featured_media_url":"https:\/\/i0.wp.com\/cdnoticias.com\/wp-content\/uploads\/2021\/03\/conferencia-covid1.jpg?fit=4608%2C3072&ssl=1","jetpack_sharing_enabled":true,"_links":{"self":[{"href":"https:\/\/cdnoticias.com\/index.php\/wp-json\/wp\/v2\/posts\/18545","targetHints":{"allow":["GET"]}}],"collection":[{"href":"https:\/\/cdnoticias.com\/index.php\/wp-json\/wp\/v2\/posts"}],"about":[{"href":"https:\/\/cdnoticias.com\/index.php\/wp-json\/wp\/v2\/types\/post"}],"author":[{"embeddable":true,"href":"https:\/\/cdnoticias.com\/index.php\/wp-json\/wp\/v2\/users\/2"}],"replies":[{"embeddable":true,"href":"https:\/\/cdnoticias.com\/index.php\/wp-json\/wp\/v2\/comments?post=18545"}],"version-history":[{"count":0,"href":"https:\/\/cdnoticias.com\/index.php\/wp-json\/wp\/v2\/posts\/18545\/revisions"}],"wp:featuredmedia":[{"embeddable":true,"href":"https:\/\/cdnoticias.com\/index.php\/wp-json\/wp\/v2\/media\/16979"}],"wp:attachment":[{"href":"https:\/\/cdnoticias.com\/index.php\/wp-json\/wp\/v2\/media?parent=18545"}],"wp:term":[{"taxonomy":"category","embeddable":true,"href":"https:\/\/cdnoticias.com\/index.php\/wp-json\/wp\/v2\/categories?post=18545"},{"taxonomy":"post_tag","embeddable":true,"href":"https:\/\/cdnoticias.com\/index.php\/wp-json\/wp\/v2\/tags?post=18545"}],"curies":[{"name":"wp","href":"https:\/\/api.w.org\/{rel}","templated":true}]}}