{"id":185447,"date":"2025-10-17T10:53:19","date_gmt":"2025-10-17T13:53:19","guid":{"rendered":"https:\/\/cdnoticias.com\/?p=185447"},"modified":"2025-10-17T11:00:25","modified_gmt":"2025-10-17T14:00:25","slug":"participacion-mario-sergio-alfaro-q-e-p-d","status":"publish","type":"post","link":"https:\/\/cdnoticias.com\/index.php\/2025\/10\/17\/participacion-mario-sergio-alfaro-q-e-p-d\/","title":{"rendered":"PARTICIPACI\u00d3N &#8211; Mario Sergio Alfaro (Q.E.P.D.)"},"content":{"rendered":"<p>Falleci\u00f3 en Olavarr\u00eda el 16 de octubre de 2025 a los 55 a\u00f1os.<\/p>\n<p>La comunidad de la Facultad de Ciencias Sociales de la Universidad Nacional del Centro de la Provincia de Buenos Aires participa con profundo pesar el fallecimiento del Sr. Mario Sergio Alfaro, nodocente del Departamento de Alumnos y representante del claustro en el Honorable Consejo Acad\u00e9mico de esta casa de estudios.<\/p>\n<p>Destacamos su amabilidad, predisposici\u00f3n y gran compromiso con la vida institucional, y acompa\u00f1amos a su familia, allegados y amigos en este doloroso momento.<\/p>\n","protected":false},"excerpt":{"rendered":"<p>Falleci\u00f3 en Olavarr\u00eda el 16 de octubre de 2025 a los 55 a\u00f1os. La comunidad de la Facultad de Ciencias<\/p>\n","protected":false},"author":4,"featured_media":51544,"comment_status":"closed","ping_status":"closed","sticky":false,"template":"","format":"standard","meta":{"_jetpack_memberships_contains_paid_content":false,"footnotes":""},"categories":[10],"tags":[],"class_list":["post-185447","post","type-post","status-publish","format-standard","has-post-thumbnail","hentry","category-necrologicas"],"jetpack_featured_media_url":"https:\/\/i0.wp.com\/cdnoticias.com\/wp-content\/uploads\/2022\/04\/necrologicas-390-x-240.jpg?fit=390%2C240&ssl=1","jetpack_sharing_enabled":true,"_links":{"self":[{"href":"https:\/\/cdnoticias.com\/index.php\/wp-json\/wp\/v2\/posts\/185447","targetHints":{"allow":["GET"]}}],"collection":[{"href":"https:\/\/cdnoticias.com\/index.php\/wp-json\/wp\/v2\/posts"}],"about":[{"href":"https:\/\/cdnoticias.com\/index.php\/wp-json\/wp\/v2\/types\/post"}],"author":[{"embeddable":true,"href":"https:\/\/cdnoticias.com\/index.php\/wp-json\/wp\/v2\/users\/4"}],"replies":[{"embeddable":true,"href":"https:\/\/cdnoticias.com\/index.php\/wp-json\/wp\/v2\/comments?post=185447"}],"version-history":[{"count":0,"href":"https:\/\/cdnoticias.com\/index.php\/wp-json\/wp\/v2\/posts\/185447\/revisions"}],"wp:featuredmedia":[{"embeddable":true,"href":"https:\/\/cdnoticias.com\/index.php\/wp-json\/wp\/v2\/media\/51544"}],"wp:attachment":[{"href":"https:\/\/cdnoticias.com\/index.php\/wp-json\/wp\/v2\/media?parent=185447"}],"wp:term":[{"taxonomy":"category","embeddable":true,"href":"https:\/\/cdnoticias.com\/index.php\/wp-json\/wp\/v2\/categories?post=185447"},{"taxonomy":"post_tag","embeddable":true,"href":"https:\/\/cdnoticias.com\/index.php\/wp-json\/wp\/v2\/tags?post=185447"}],"curies":[{"name":"wp","href":"https:\/\/api.w.org\/{rel}","templated":true}]}}