{"id":185424,"date":"2025-10-16T20:23:35","date_gmt":"2025-10-16T23:23:35","guid":{"rendered":"https:\/\/cdnoticias.com\/?p=185424"},"modified":"2025-10-16T20:23:36","modified_gmt":"2025-10-16T23:23:36","slug":"el-servicio-municipal-territorial-n-2-celebro-su-10-aniversario-con-un-emotivo-acto","status":"publish","type":"post","link":"https:\/\/cdnoticias.com\/index.php\/2025\/10\/16\/el-servicio-municipal-territorial-n-2-celebro-su-10-aniversario-con-un-emotivo-acto\/","title":{"rendered":"El Servicio Municipal Territorial N\u00b0 2 celebr\u00f3 su 10\u00b0 aniversario con un emotivo acto"},"content":{"rendered":"\n<p>El espacio, que brinda servicios y propuestas a los barrios de la zona, conmemor\u00f3 una d\u00e9cada de trabajo con la presencia del intendente Maximiliano Wesner, autoridades municipales y la comunidad.<\/p>\n\n\n\n<hr class=\"wp-block-separator aligncenter has-alpha-channel-opacity\"\/>\n\n\n\n<p>En la ma\u00f1ana de este jueves se realiz\u00f3 el <strong>acto por el 10\u00b0 aniversario del Servicio Municipal Territorial N\u00b0 2, que desde su creaci\u00f3n brinda distintos servicios y propuestas a la comunidad de los barrios Coronel Dorrego, San Mart\u00edn, Esfuerzo Propio, Pickelado, Alberdi, El Provincial y sectores aleda\u00f1os.<\/strong><\/p>\n\n\n\n<p>El intendente Maximiliano Wesner particip\u00f3 de la celebraci\u00f3n junto a la secretaria de Desarrollo de la Comunidad Laura Gamberini y el director de Gesti\u00f3n Territorial Leonardo Yunger. Tambi\u00e9n estuvieron presentes trabajadores y trabajadoras municipales, referentes barriales, integrantes de sociedades de fomento, clubes y estudiantes de los jardines N\u00b0 902 y 910, y de la Escuela N\u00b0 60.<\/p>\n\n\n\n<figure class=\"wp-block-image size-large\"><img data-recalc-dims=\"1\" loading=\"lazy\" decoding=\"async\" width=\"800\" height=\"533\" src=\"https:\/\/i0.wp.com\/cdnoticias.com\/wp-content\/uploads\/2025\/10\/Aniversario-SMT-2-2025-8.jpeg?resize=800%2C533&#038;ssl=1\" alt=\"\" class=\"wp-image-185432\" srcset=\"https:\/\/i0.wp.com\/cdnoticias.com\/wp-content\/uploads\/2025\/10\/Aniversario-SMT-2-2025-8.jpeg?resize=1024%2C682&amp;ssl=1 1024w, https:\/\/i0.wp.com\/cdnoticias.com\/wp-content\/uploads\/2025\/10\/Aniversario-SMT-2-2025-8.jpeg?resize=300%2C200&amp;ssl=1 300w, https:\/\/i0.wp.com\/cdnoticias.com\/wp-content\/uploads\/2025\/10\/Aniversario-SMT-2-2025-8.jpeg?resize=768%2C512&amp;ssl=1 768w, https:\/\/i0.wp.com\/cdnoticias.com\/wp-content\/uploads\/2025\/10\/Aniversario-SMT-2-2025-8.jpeg?resize=1536%2C1023&amp;ssl=1 1536w, https:\/\/i0.wp.com\/cdnoticias.com\/wp-content\/uploads\/2025\/10\/Aniversario-SMT-2-2025-8.jpeg?resize=272%2C182&amp;ssl=1 272w, https:\/\/i0.wp.com\/cdnoticias.com\/wp-content\/uploads\/2025\/10\/Aniversario-SMT-2-2025-8.jpeg?w=1600&amp;ssl=1 1600w\" sizes=\"auto, (max-width: 800px) 100vw, 800px\" \/><\/figure>\n\n\n\n<figure class=\"wp-block-image size-large\"><img data-recalc-dims=\"1\" loading=\"lazy\" decoding=\"async\" width=\"800\" height=\"533\" src=\"https:\/\/i0.wp.com\/cdnoticias.com\/wp-content\/uploads\/2025\/10\/Aniversario-SMT-2-2025-9.jpeg?resize=800%2C533&#038;ssl=1\" alt=\"\" class=\"wp-image-185433\" srcset=\"https:\/\/i0.wp.com\/cdnoticias.com\/wp-content\/uploads\/2025\/10\/Aniversario-SMT-2-2025-9.jpeg?resize=1024%2C682&amp;ssl=1 1024w, https:\/\/i0.wp.com\/cdnoticias.com\/wp-content\/uploads\/2025\/10\/Aniversario-SMT-2-2025-9.jpeg?resize=300%2C200&amp;ssl=1 300w, https:\/\/i0.wp.com\/cdnoticias.com\/wp-content\/uploads\/2025\/10\/Aniversario-SMT-2-2025-9.jpeg?resize=768%2C512&amp;ssl=1 768w, https:\/\/i0.wp.com\/cdnoticias.com\/wp-content\/uploads\/2025\/10\/Aniversario-SMT-2-2025-9.jpeg?resize=1536%2C1023&amp;ssl=1 1536w, https:\/\/i0.wp.com\/cdnoticias.com\/wp-content\/uploads\/2025\/10\/Aniversario-SMT-2-2025-9.jpeg?resize=272%2C182&amp;ssl=1 272w, https:\/\/i0.wp.com\/cdnoticias.com\/wp-content\/uploads\/2025\/10\/Aniversario-SMT-2-2025-9.jpeg?w=1600&amp;ssl=1 1600w\" sizes=\"auto, (max-width: 800px) 100vw, 800px\" \/><\/figure>\n\n\n\n<p>Durante el acto<strong> se entregaron reconocimientos al personal municipal que desarrolla su labor diaria en el lugar.<\/strong><\/p>\n\n\n\n<p><em>\u201cQuer\u00eda estar presente para acompa\u00f1arlos en estos 10 a\u00f1os de celebraci\u00f3n, de historia, realmente es conmovedor. Lo ve\u00edamos en cada reconocimiento, en cada foto, y lo que se valora ah\u00ed es el compromiso. Porque sinceramente, para trabajar en estos \u00e1mbitos, hay que tener compromiso con el barrio, con la comunidad y, por sobre todas las cosas, tener una mirada integral, descentralizadora\u201d<\/em>, expres\u00f3 el intendente Wesner.<\/p>\n\n\n\n<p>Agreg\u00f3 que<em><strong> \u201ceste Territorial 2 tiene much\u00edsimo que ver con pensar al Estado cercano a cada familia, pensar la integralidad, la educaci\u00f3n, la salud, la cultura, la recreaci\u00f3n, el deporte, cerca de la casa de cada pibe, de cada piba, de cada adulto mayor\u201d.<\/strong><\/em><\/p>\n\n\n\n<figure class=\"wp-block-image size-large\"><img data-recalc-dims=\"1\" loading=\"lazy\" decoding=\"async\" width=\"800\" height=\"535\" src=\"https:\/\/i0.wp.com\/cdnoticias.com\/wp-content\/uploads\/2025\/10\/Aniversario-SMT-2-2025-5.jpeg?resize=800%2C535&#038;ssl=1\" alt=\"\" class=\"wp-image-185429\" srcset=\"https:\/\/i0.wp.com\/cdnoticias.com\/wp-content\/uploads\/2025\/10\/Aniversario-SMT-2-2025-5.jpeg?resize=1024%2C685&amp;ssl=1 1024w, https:\/\/i0.wp.com\/cdnoticias.com\/wp-content\/uploads\/2025\/10\/Aniversario-SMT-2-2025-5.jpeg?resize=300%2C201&amp;ssl=1 300w, https:\/\/i0.wp.com\/cdnoticias.com\/wp-content\/uploads\/2025\/10\/Aniversario-SMT-2-2025-5.jpeg?resize=768%2C514&amp;ssl=1 768w, https:\/\/i0.wp.com\/cdnoticias.com\/wp-content\/uploads\/2025\/10\/Aniversario-SMT-2-2025-5.jpeg?resize=1536%2C1027&amp;ssl=1 1536w, https:\/\/i0.wp.com\/cdnoticias.com\/wp-content\/uploads\/2025\/10\/Aniversario-SMT-2-2025-5.jpeg?resize=272%2C182&amp;ssl=1 272w, https:\/\/i0.wp.com\/cdnoticias.com\/wp-content\/uploads\/2025\/10\/Aniversario-SMT-2-2025-5.jpeg?w=1600&amp;ssl=1 1600w\" sizes=\"auto, (max-width: 800px) 100vw, 800px\" \/><\/figure>\n\n\n\n<p>En relaci\u00f3n al contexto actual, Wesner destac\u00f3 que<em> \u201cel compromiso de este gobierno municipal es que de esta se sale con m\u00e1s y con mejor Estado, donde nuestros trabajadores municipales son protagonistas de esto que tenemos que transitar. Por eso, el agradecimiento enorme a la labor, a la tarea que vinieron realizando durante a\u00f1os, que realizan ahora y que no tengo dudas que van a seguir realizando con el mismo compromiso. Gracias, Servicio Territorial 2, a todo el equipo que lo hace posible todos los d\u00edas en nombre de esas familias que hoy me toca representar transitoriamente, ocasionalmente, pero que todos los d\u00edas habitan y transitan este hermoso lugar\u201d<\/em>.<\/p>\n\n\n\n<p>Previamente, Sandra Cardozo, administrativa del \u00e1rea de Desarrollo Social del SMT N\u00b0 2, expres\u00f3: <em><strong>\u201cMe siento muy emocionada de trabajar en este espacio que para muchos de los que estamos ac\u00e1 no es ese trabajo. Es venir a tratar de compartir y de sacar adelante cualquier problem\u00e1tica que se presente. Les agradezco a mis compa\u00f1eras y compa\u00f1eros por hacer de este lugar un espacio tan c\u00e1lido para todos los que se acercan\u201d.<\/strong><\/em><\/p>\n\n\n\n<figure class=\"wp-block-image size-large\"><img data-recalc-dims=\"1\" loading=\"lazy\" decoding=\"async\" width=\"800\" height=\"505\" src=\"https:\/\/i0.wp.com\/cdnoticias.com\/wp-content\/uploads\/2025\/10\/Aniversario-SMT-2-2025-6.jpeg?resize=800%2C505&#038;ssl=1\" alt=\"\" class=\"wp-image-185430\" srcset=\"https:\/\/i0.wp.com\/cdnoticias.com\/wp-content\/uploads\/2025\/10\/Aniversario-SMT-2-2025-6.jpeg?resize=1024%2C647&amp;ssl=1 1024w, https:\/\/i0.wp.com\/cdnoticias.com\/wp-content\/uploads\/2025\/10\/Aniversario-SMT-2-2025-6.jpeg?resize=300%2C190&amp;ssl=1 300w, https:\/\/i0.wp.com\/cdnoticias.com\/wp-content\/uploads\/2025\/10\/Aniversario-SMT-2-2025-6.jpeg?resize=768%2C485&amp;ssl=1 768w, https:\/\/i0.wp.com\/cdnoticias.com\/wp-content\/uploads\/2025\/10\/Aniversario-SMT-2-2025-6.jpeg?resize=1536%2C971&amp;ssl=1 1536w, https:\/\/i0.wp.com\/cdnoticias.com\/wp-content\/uploads\/2025\/10\/Aniversario-SMT-2-2025-6.jpeg?w=1600&amp;ssl=1 1600w\" sizes=\"auto, (max-width: 800px) 100vw, 800px\" \/><\/figure>\n\n\n\n<p>El <strong>Servicio Territorial N\u00b0 2, ubicado en avenida Alberdi y Coronel Su\u00e1rez, inici\u00f3 sus actividades el 27 de julio de 2015 con el objetivo de descentralizar la atenci\u00f3n municipal en el territorio. En su edificio funcionan el Centro de Atenci\u00f3n Primaria de la Salud N\u00b0 18, el Jard\u00edn Maternal \u201cMi Casita\u201d, la Direcci\u00f3n de Pol\u00edticas Sociales y el Programa Callejeada.<\/strong><\/p>\n\n\n\n<figure class=\"wp-block-image size-large\"><img data-recalc-dims=\"1\" loading=\"lazy\" decoding=\"async\" width=\"800\" height=\"516\" src=\"https:\/\/i0.wp.com\/cdnoticias.com\/wp-content\/uploads\/2025\/10\/Aniversario-SMT-2-2025-1.jpeg?resize=800%2C516&#038;ssl=1\" alt=\"\" class=\"wp-image-185425\" srcset=\"https:\/\/i0.wp.com\/cdnoticias.com\/wp-content\/uploads\/2025\/10\/Aniversario-SMT-2-2025-1.jpeg?resize=1024%2C660&amp;ssl=1 1024w, https:\/\/i0.wp.com\/cdnoticias.com\/wp-content\/uploads\/2025\/10\/Aniversario-SMT-2-2025-1.jpeg?resize=300%2C194&amp;ssl=1 300w, https:\/\/i0.wp.com\/cdnoticias.com\/wp-content\/uploads\/2025\/10\/Aniversario-SMT-2-2025-1.jpeg?resize=768%2C495&amp;ssl=1 768w, https:\/\/i0.wp.com\/cdnoticias.com\/wp-content\/uploads\/2025\/10\/Aniversario-SMT-2-2025-1.jpeg?resize=1536%2C991&amp;ssl=1 1536w, https:\/\/i0.wp.com\/cdnoticias.com\/wp-content\/uploads\/2025\/10\/Aniversario-SMT-2-2025-1.jpeg?w=1600&amp;ssl=1 1600w\" sizes=\"auto, (max-width: 800px) 100vw, 800px\" \/><\/figure>\n\n\n\n<p>Adem\u00e1s, se desarrollan diversas actividades deportivas, culturales y educativas impulsadas por \u00e1reas municipales e instituciones de la comunidad, entre ellas el Equipo de Crianzas Respetuosas, la Escuela Primaria para Adultos N\u00b0 702, el CENS 451, el Programa Fines, la Orquesta Escuela y talleres de manualidades, yoga, folclore y estimulaci\u00f3n cognitiva.<\/p>\n\n\n\n<figure class=\"wp-block-image size-large\"><img data-recalc-dims=\"1\" loading=\"lazy\" decoding=\"async\" width=\"800\" height=\"533\" src=\"https:\/\/i0.wp.com\/cdnoticias.com\/wp-content\/uploads\/2025\/10\/Aniversario-SMT-2-2025-2.jpeg?resize=800%2C533&#038;ssl=1\" alt=\"\" class=\"wp-image-185426\" srcset=\"https:\/\/i0.wp.com\/cdnoticias.com\/wp-content\/uploads\/2025\/10\/Aniversario-SMT-2-2025-2.jpeg?resize=1024%2C682&amp;ssl=1 1024w, https:\/\/i0.wp.com\/cdnoticias.com\/wp-content\/uploads\/2025\/10\/Aniversario-SMT-2-2025-2.jpeg?resize=300%2C200&amp;ssl=1 300w, https:\/\/i0.wp.com\/cdnoticias.com\/wp-content\/uploads\/2025\/10\/Aniversario-SMT-2-2025-2.jpeg?resize=768%2C512&amp;ssl=1 768w, https:\/\/i0.wp.com\/cdnoticias.com\/wp-content\/uploads\/2025\/10\/Aniversario-SMT-2-2025-2.jpeg?resize=1536%2C1023&amp;ssl=1 1536w, https:\/\/i0.wp.com\/cdnoticias.com\/wp-content\/uploads\/2025\/10\/Aniversario-SMT-2-2025-2.jpeg?resize=272%2C182&amp;ssl=1 272w, https:\/\/i0.wp.com\/cdnoticias.com\/wp-content\/uploads\/2025\/10\/Aniversario-SMT-2-2025-2.jpeg?w=1600&amp;ssl=1 1600w\" sizes=\"auto, (max-width: 800px) 100vw, 800px\" \/><\/figure>\n\n\n\n<blockquote class=\"wp-block-quote is-layout-flow wp-block-quote-is-layout-flow\">\n<p>Estos servicios y propuestas permiten que alrededor de 260 vecinos y vecinas se acerquen diariamente al espacio, que con el paso de los a\u00f1os se consolid\u00f3 como un emblema comunitario y un punto clave para acercar derechos y servicios a las familias del territorio.<\/p>\n<\/blockquote>\n\n\n\n<p>El acto concluy\u00f3 con el corte de torta, la presentaci\u00f3n de la Orquesta Escuela y del grupo de folklore del espacio. Luego, continuaron las actividades enmarcadas en el Festival por la Salud Mental, con propuestas recreativas orientadas a la prevenci\u00f3n y promoci\u00f3n del bienestar.<\/p>\n\n\n\n<p><\/p>\n","protected":false},"excerpt":{"rendered":"<p>El espacio, que brinda servicios y propuestas a los barrios de la zona, conmemor\u00f3 una d\u00e9cada de trabajo con la<\/p>\n","protected":false},"author":2,"featured_media":185427,"comment_status":"closed","ping_status":"closed","sticky":false,"template":"","format":"standard","meta":{"_jetpack_memberships_contains_paid_content":false,"footnotes":""},"categories":[5,1],"tags":[],"class_list":["post-185424","post","type-post","status-publish","format-standard","has-post-thumbnail","hentry","category-informacion-general","category-portada"],"jetpack_featured_media_url":"https:\/\/i0.wp.com\/cdnoticias.com\/wp-content\/uploads\/2025\/10\/Aniversario-SMT-2-2025-3.jpeg?fit=1600%2C1066&ssl=1","jetpack_sharing_enabled":true,"_links":{"self":[{"href":"https:\/\/cdnoticias.com\/index.php\/wp-json\/wp\/v2\/posts\/185424","targetHints":{"allow":["GET"]}}],"collection":[{"href":"https:\/\/cdnoticias.com\/index.php\/wp-json\/wp\/v2\/posts"}],"about":[{"href":"https:\/\/cdnoticias.com\/index.php\/wp-json\/wp\/v2\/types\/post"}],"author":[{"embeddable":true,"href":"https:\/\/cdnoticias.com\/index.php\/wp-json\/wp\/v2\/users\/2"}],"replies":[{"embeddable":true,"href":"https:\/\/cdnoticias.com\/index.php\/wp-json\/wp\/v2\/comments?post=185424"}],"version-history":[{"count":0,"href":"https:\/\/cdnoticias.com\/index.php\/wp-json\/wp\/v2\/posts\/185424\/revisions"}],"wp:featuredmedia":[{"embeddable":true,"href":"https:\/\/cdnoticias.com\/index.php\/wp-json\/wp\/v2\/media\/185427"}],"wp:attachment":[{"href":"https:\/\/cdnoticias.com\/index.php\/wp-json\/wp\/v2\/media?parent=185424"}],"wp:term":[{"taxonomy":"category","embeddable":true,"href":"https:\/\/cdnoticias.com\/index.php\/wp-json\/wp\/v2\/categories?post=185424"},{"taxonomy":"post_tag","embeddable":true,"href":"https:\/\/cdnoticias.com\/index.php\/wp-json\/wp\/v2\/tags?post=185424"}],"curies":[{"name":"wp","href":"https:\/\/api.w.org\/{rel}","templated":true}]}}