{"id":185419,"date":"2025-10-16T20:11:02","date_gmt":"2025-10-16T23:11:02","guid":{"rendered":"https:\/\/cdnoticias.com\/?p=185419"},"modified":"2025-10-16T20:11:03","modified_gmt":"2025-10-16T23:11:03","slug":"se-realizo-la-segunda-sesion-del-concejo-deliberante-estudiantil-2025","status":"publish","type":"post","link":"https:\/\/cdnoticias.com\/index.php\/2025\/10\/16\/se-realizo-la-segunda-sesion-del-concejo-deliberante-estudiantil-2025\/","title":{"rendered":"Se realiz\u00f3 la segunda sesi\u00f3n del Concejo Deliberante Estudiantil 2025"},"content":{"rendered":"\n<p>Los 47 representantes de las escuelas secundarias de Olavarr\u00eda aprobaron 21 resoluciones, un pedido de informes y cuatro ordenanzas que ingresar\u00e1n al Honorable Concejo Deliberante para su tratamiento durante el pr\u00f3ximo per\u00edodo.<\/p>\n\n\n\n<hr class=\"wp-block-separator aligncenter has-alpha-channel-opacity\"\/>\n\n\n\n<p>Este \u00faltimo mi\u00e9rcoles se llev\u00f3 a cabo la<strong> segunda y \u00faltima sesi\u00f3n del Concejo Deliberante Estudiantil (HCDE) 2025. Los y las estudiantes de distintos establecimientos educativos del partido debatieron y aprobaron un total de 21 resoluciones, un pedido de informes y cuatro ordenanzas, que ahora ser\u00e1n ingresadas como proyectos formales al HCD para su tratamiento<\/strong>, conforme lo establece la Ordenanza 4924\/22.<\/p>\n\n\n\n<p>El Concejo Deliberante Estudiantil es organizado por la Comisi\u00f3n de Educaci\u00f3n del HCD, presidida por Telma Cazot e integrada por Miriam Mosescu, Mar\u00eda Adela Casamayor, Hosanna Cazola, Carlos Coscia, Francisco Gonz\u00e1lez y Hern\u00e1n Quiroga.<\/p>\n\n\n\n<figure class=\"wp-block-image size-large\"><img data-recalc-dims=\"1\" loading=\"lazy\" decoding=\"async\" width=\"800\" height=\"450\" src=\"https:\/\/i0.wp.com\/cdnoticias.com\/wp-content\/uploads\/2025\/10\/IMG_9747.jpg?resize=800%2C450&#038;ssl=1\" alt=\"\" class=\"wp-image-185422\" srcset=\"https:\/\/i0.wp.com\/cdnoticias.com\/wp-content\/uploads\/2025\/10\/IMG_9747-scaled.jpg?resize=1024%2C576&amp;ssl=1 1024w, https:\/\/i0.wp.com\/cdnoticias.com\/wp-content\/uploads\/2025\/10\/IMG_9747-scaled.jpg?resize=300%2C169&amp;ssl=1 300w, https:\/\/i0.wp.com\/cdnoticias.com\/wp-content\/uploads\/2025\/10\/IMG_9747-scaled.jpg?resize=768%2C432&amp;ssl=1 768w, https:\/\/i0.wp.com\/cdnoticias.com\/wp-content\/uploads\/2025\/10\/IMG_9747-scaled.jpg?resize=1536%2C864&amp;ssl=1 1536w, https:\/\/i0.wp.com\/cdnoticias.com\/wp-content\/uploads\/2025\/10\/IMG_9747-scaled.jpg?resize=2048%2C1152&amp;ssl=1 2048w, https:\/\/i0.wp.com\/cdnoticias.com\/wp-content\/uploads\/2025\/10\/IMG_9747-scaled.jpg?w=1600&amp;ssl=1 1600w, https:\/\/i0.wp.com\/cdnoticias.com\/wp-content\/uploads\/2025\/10\/IMG_9747-scaled.jpg?w=2400&amp;ssl=1 2400w\" sizes=\"auto, (max-width: 800px) 100vw, 800px\" \/><\/figure>\n\n\n\n<p>Durante la sesi\u00f3n se trataron<strong> propuestas vinculadas a distintas tem\u00e1ticas, con coincidencias en iniciativas orientadas a fortalecer la salud mental de los j\u00f3venes, promover la inclusi\u00f3n de personas con discapacidad y crear espacios deportivos y culturales.<\/strong><\/p>\n\n\n\n<p>Este a\u00f1o participan <strong>47 estudiantes elegidos democr\u00e1ticamente por sus compa\u00f1eros y compa\u00f1eras en elecciones realizadas durante mayo.<\/strong><\/p>\n\n\n\n<figure class=\"wp-block-image size-large\"><img data-recalc-dims=\"1\" loading=\"lazy\" decoding=\"async\" width=\"800\" height=\"450\" src=\"https:\/\/i0.wp.com\/cdnoticias.com\/wp-content\/uploads\/2025\/10\/IMG_9744.jpg?resize=800%2C450&#038;ssl=1\" alt=\"\" class=\"wp-image-185421\" srcset=\"https:\/\/i0.wp.com\/cdnoticias.com\/wp-content\/uploads\/2025\/10\/IMG_9744-scaled.jpg?resize=1024%2C576&amp;ssl=1 1024w, https:\/\/i0.wp.com\/cdnoticias.com\/wp-content\/uploads\/2025\/10\/IMG_9744-scaled.jpg?resize=300%2C169&amp;ssl=1 300w, https:\/\/i0.wp.com\/cdnoticias.com\/wp-content\/uploads\/2025\/10\/IMG_9744-scaled.jpg?resize=768%2C432&amp;ssl=1 768w, https:\/\/i0.wp.com\/cdnoticias.com\/wp-content\/uploads\/2025\/10\/IMG_9744-scaled.jpg?resize=1536%2C864&amp;ssl=1 1536w, https:\/\/i0.wp.com\/cdnoticias.com\/wp-content\/uploads\/2025\/10\/IMG_9744-scaled.jpg?resize=2048%2C1152&amp;ssl=1 2048w, https:\/\/i0.wp.com\/cdnoticias.com\/wp-content\/uploads\/2025\/10\/IMG_9744-scaled.jpg?w=1600&amp;ssl=1 1600w, https:\/\/i0.wp.com\/cdnoticias.com\/wp-content\/uploads\/2025\/10\/IMG_9744-scaled.jpg?w=2400&amp;ssl=1 2400w\" sizes=\"auto, (max-width: 800px) 100vw, 800px\" \/><\/figure>\n\n\n\n<p class=\"has-medium-font-size\">Proyectos aprobados<\/p>\n\n\n\n<p>Expte 035\/25 &#8211; Secundaria 20 extensi\u00f3n La Moderna: Resoluci\u00f3n solicitando instalaci\u00f3n de equipo de energ\u00eda solar.<\/p>\n\n\n\n<p>Expte 043\/25 &#8211; Nuevas Lenguas: Resoluci\u00f3n solicitando la creaci\u00f3n de cine m\u00f3vil.<\/p>\n\n\n\n<p>Expte 023\/25 &#8211; CFI 1: Resoluci\u00f3n solicitando la creaci\u00f3n de Centro de D\u00eda Municipal.<\/p>\n\n\n\n<p>Expte 033\/25 &#8211; Secundaria 20: Resoluci\u00f3n solicitando imposici\u00f3n de nombre a calles determinadas.<\/p>\n\n\n\n<p>Expte 029\/25 &#8211; CORIM: Resoluci\u00f3n solicitando construcci\u00f3n de rampas.<\/p>\n\n\n\n<p>Expte 001\/25 &#8211; Secundaria 16: Resoluci\u00f3n solicitando construcci\u00f3n de bicisendas en calles determinadas.<\/p>\n\n\n\n<p>Expte 018\/25 &#8211; Casa de Mar\u00eda: Resoluci\u00f3n solicitando campa\u00f1as de difusi\u00f3n de inclusi\u00f3n laboral para personas con discapacidad.<\/p>\n\n\n\n<p>Expte 030\/25 &#8211; F\u00e1tima: Resoluci\u00f3n solicitando creaci\u00f3n de polideportivo.<\/p>\n\n\n\n<p>Expte 026\/25 &#8211; La Casa de Helen: Resoluci\u00f3n solicitando colocaci\u00f3n de se\u00f1al\u00e9tica en zona determinada.<\/p>\n\n\n\n<p>Expte 020\/25 &#8211; IDEO: Ordenanza solicitando la creaci\u00f3n de un programa de comunicaci\u00f3n para personas sordas e hipoac\u00fasicas.<\/p>\n\n\n\n<p>Expte 024\/25 &#8211; Instituto San Antonio de Padua: Resoluci\u00f3n solicitando campa\u00f1as de concientizaci\u00f3n sobre la seguridad de personas no videntes.<\/p>\n\n\n\n<p>Expte 023\/25 &#8211; Secundaria 23: Resoluci\u00f3n solicitando distintos requerimientos relacionados a la salud en la localidad de Santa Luisa.<\/p>\n\n\n\n<p>Expte 019\/25 &#8211; Caneva: Resoluci\u00f3n solicitando nuevos refugios para la espera del transporte.<\/p>\n\n\n\n<p>Expte 036\/25 &#8211; Secundaria 15: Resoluci\u00f3n solicitando creaci\u00f3n de programa de salud comunitaria.<\/p>\n\n\n\n<p>Expte 034\/25 &#8211; Secundaria 7: Ordenanza modificando el art\u00edculo 23 de la ordenanza HCD estudiantil.<\/p>\n\n\n\n<p>Expte 038\/25 &#8211; T\u00e9cnica 1: Ordenanza creando red de contenci\u00f3n de salud mental.<\/p>\n\n\n\n<p>Expte 031\/25 &#8211; Alfa y Omega: Pedido de informe solicitando informaci\u00f3n sobre el agua del arroyo Tapalqu\u00e9.<\/p>\n\n\n\n<p>Expte 007\/25 &#8211; Libertas: Resoluci\u00f3n solicitando el cumplimiento de ordenanza determinada.<\/p>\n\n\n\n<p>Expte 039\/25 &#8211; T\u00e9cnica 2: Resoluci\u00f3n solicitando sustituci\u00f3n de reductores de velocidad en zona determinada.<\/p>\n\n\n\n<p>Expte 042\/25 &#8211; Colegio Fray M. Esqui\u00fa: Resoluci\u00f3n solicitando creaci\u00f3n de Talento Olavarr\u00eda en Semana del Estudiante.<\/p>\n\n\n\n<p>Expte 045\/25 &#8211; Secundaria 17: Ordenanza creando programa de entornos amigables con los adultos mayores.<\/p>\n\n\n\n<p>Expte 013\/25 &#8211; IPSB: Resoluci\u00f3n solicitando mejoras en el camino de acceso a Sierras Bayas.<\/p>\n\n\n\n<p>Expte 025\/25 &#8211; Mariano Moreno: Resoluci\u00f3n solicitando remodelaci\u00f3n de terminal de \u00f3mnibus.<\/p>\n\n\n\n<p>Expte 044\/25 &#8211; ECEA: Resoluci\u00f3n solicitando obras determinadas en zona escuela ECEA.<\/p>\n\n\n\n<p>Expte 037\/25 &#8211; Secundaria 10: Resoluci\u00f3n solicitando entrega de \u00e1rboles para las promociones.<\/p>\n\n\n\n<p class=\"has-medium-font-size\">Expedientes sobre tablas<\/p>\n\n\n\n<p>Expte 005\/25 &#8211; Secundaria 19: Resoluci\u00f3n imponiendo el nombre \u201cEncuentro entre rieles\u201d a espacio determinado de la localidad de Recalde.<\/p>\n\n\n\n<p>Expte 027\/25 &#8211; Secundaria 4: Resoluci\u00f3n solicitando obras determinadas en localidad de Hinojo.<\/p>\n\n\n\n<p>La sesi\u00f3n reafirma la importancia de <strong>dar voz a los j\u00f3venes en la toma de decisiones municipales y promueve un espacio de participaci\u00f3n activa y democr\u00e1tica en temas de salud, educaci\u00f3n, inclusi\u00f3n, cultura y desarrollo comunitario.<\/strong><\/p>\n","protected":false},"excerpt":{"rendered":"<p>Los 47 representantes de las escuelas secundarias de Olavarr\u00eda aprobaron 21 resoluciones, un pedido de informes y cuatro ordenanzas que<\/p>\n","protected":false},"author":2,"featured_media":185420,"comment_status":"closed","ping_status":"closed","sticky":false,"template":"","format":"standard","meta":{"_jetpack_memberships_contains_paid_content":false,"footnotes":""},"categories":[4,1],"tags":[],"class_list":["post-185419","post","type-post","status-publish","format-standard","has-post-thumbnail","hentry","category-politica","category-portada"],"jetpack_featured_media_url":"https:\/\/i0.wp.com\/cdnoticias.com\/wp-content\/uploads\/2025\/10\/IMG_9750-scaled.jpg?fit=2560%2C1440&ssl=1","jetpack_sharing_enabled":true,"_links":{"self":[{"href":"https:\/\/cdnoticias.com\/index.php\/wp-json\/wp\/v2\/posts\/185419","targetHints":{"allow":["GET"]}}],"collection":[{"href":"https:\/\/cdnoticias.com\/index.php\/wp-json\/wp\/v2\/posts"}],"about":[{"href":"https:\/\/cdnoticias.com\/index.php\/wp-json\/wp\/v2\/types\/post"}],"author":[{"embeddable":true,"href":"https:\/\/cdnoticias.com\/index.php\/wp-json\/wp\/v2\/users\/2"}],"replies":[{"embeddable":true,"href":"https:\/\/cdnoticias.com\/index.php\/wp-json\/wp\/v2\/comments?post=185419"}],"version-history":[{"count":0,"href":"https:\/\/cdnoticias.com\/index.php\/wp-json\/wp\/v2\/posts\/185419\/revisions"}],"wp:featuredmedia":[{"embeddable":true,"href":"https:\/\/cdnoticias.com\/index.php\/wp-json\/wp\/v2\/media\/185420"}],"wp:attachment":[{"href":"https:\/\/cdnoticias.com\/index.php\/wp-json\/wp\/v2\/media?parent=185419"}],"wp:term":[{"taxonomy":"category","embeddable":true,"href":"https:\/\/cdnoticias.com\/index.php\/wp-json\/wp\/v2\/categories?post=185419"},{"taxonomy":"post_tag","embeddable":true,"href":"https:\/\/cdnoticias.com\/index.php\/wp-json\/wp\/v2\/tags?post=185419"}],"curies":[{"name":"wp","href":"https:\/\/api.w.org\/{rel}","templated":true}]}}