{"id":185416,"date":"2025-10-16T19:44:11","date_gmt":"2025-10-16T22:44:11","guid":{"rendered":"https:\/\/cdnoticias.com\/?p=185416"},"modified":"2025-10-17T09:23:06","modified_gmt":"2025-10-17T12:23:06","slug":"nestor-pitrola-en-olavarria-argentina-esta-en-remate-y-lo-podemos-derrotar-los-trabajadores-movilizados","status":"publish","type":"post","link":"https:\/\/cdnoticias.com\/index.php\/2025\/10\/16\/nestor-pitrola-en-olavarria-argentina-esta-en-remate-y-lo-podemos-derrotar-los-trabajadores-movilizados\/","title":{"rendered":"N\u00e9stor Pitrola en Olavarr\u00eda: \u201cArgentina est\u00e1 en remate y lo podemos derrotar los trabajadores movilizados\u201d"},"content":{"rendered":"\n<p>El candidato a diputado nacional por el Frente de Izquierda &#8211; Unidad visit\u00f3 Olavarr\u00eda en el marco de la campa\u00f1a rumbo a las elecciones legislativas nacionales del 26 de octubre. Se refiri\u00f3 a la crisis econ\u00f3mica, la deuda externa y la situaci\u00f3n pol\u00edtica del pa\u00eds, y present\u00f3 las propuestas de su fuerza pol\u00edtica.<\/p>\n\n\n\n<hr class=\"wp-block-separator aligncenter has-alpha-channel-opacity\"\/>\n\n\n\n<p><em><strong>\u201c\u00a1Qu\u00e9 momento! Creemos que Argentina est\u00e1 en remate y tanto a Trump, como a Milei, como al FMI, en cuyas manos estamos ahora, con esta Argentina m\u00e1s colonia que nunca, lo podemos derrotar los trabajadores, movilizados, con nuestros m\u00e9todos, no lo va a frenar nadie de ninguna otra manera, y al servicio de esa perspectiva para el pueblo argentino, es que est\u00e1n las candidaturas y esta presentaci\u00f3n electoral del Frente de Izquierda y los trabajadores\u201d,<\/strong><\/em> afirm\u00f3 el candidato del Frente de Izquierda &#8211; Unidad, N\u00e9stor Pitrola en su visita a Olavarr\u00eda este jueves, en el marco de la campa\u00f1a de cara a las Legislativas Nacionales del 26 de octubre pr\u00f3ximo.<\/p>\n\n\n\n<p>Acompa\u00f1ado de los dirigentes locales Yessica Almeida y Agust\u00edn Mestralet, <strong>Pitrola tuvo un extenso diagn\u00f3stico sobre la realidad social y econ\u00f3mica en la que puso al Frente de Izquierda en un escenario de salida con un programa econ\u00f3mico concreto:<\/strong><em> \u201ccada d\u00eda que pasa es un reloj que va avanzando hacia una crisis de caracter\u00edsticas gigantescas que nos amenaza, que llegar\u00e1 inevitablemente de una u otra manera. Argentina va a un default, a su d\u00e9cimo default, la han endeudado a un nivel insoportable e inviable. Argentina est\u00e1 hundida en la pobreza, en la recesi\u00f3n econ\u00f3mica, y el remate es de nuestros recursos estrat\u00e9gicos, no hace falta que les diga que el tesoro y el gobierno norteamericano vienen por nuestro litio, por vaca muerta, por el agua, por las riquezas minerales, por el cobre, y naturalmente somos un campo de la disputa geopol\u00edtica internacional entre Estados Unidos y China que est\u00e1 conmoviendo el mundo en distintos escenarios\u201d<\/em>, continu\u00f3.<\/p>\n\n\n\n<figure class=\"wp-block-image size-full\"><img data-recalc-dims=\"1\" loading=\"lazy\" decoding=\"async\" width=\"800\" height=\"450\" src=\"https:\/\/i0.wp.com\/cdnoticias.com\/wp-content\/uploads\/2025\/10\/pitrola-16-octubre-25.2.jpg?resize=800%2C450&#038;ssl=1\" alt=\"\" class=\"wp-image-185413\" srcset=\"https:\/\/i0.wp.com\/cdnoticias.com\/wp-content\/uploads\/2025\/10\/pitrola-16-octubre-25.2.jpg?w=900&amp;ssl=1 900w, https:\/\/i0.wp.com\/cdnoticias.com\/wp-content\/uploads\/2025\/10\/pitrola-16-octubre-25.2.jpg?resize=300%2C169&amp;ssl=1 300w, https:\/\/i0.wp.com\/cdnoticias.com\/wp-content\/uploads\/2025\/10\/pitrola-16-octubre-25.2.jpg?resize=768%2C432&amp;ssl=1 768w\" sizes=\"auto, (max-width: 800px) 100vw, 800px\" \/><\/figure>\n\n\n\n<p>Seg\u00fan el candidato, <em><strong>\u201ceste es el contenido que tiene esta pol\u00edtica del gobierno de Milei y la presentaci\u00f3n del Frente de Izquierda creo que tiene en un punto m\u00e1s valor que nunca, porque Milei no ha surgido de un repollo, ha sido pavimentado por los fracasos de los gobiernos anteriores, de Alberto Fern\u00e1ndez, de Cristina y Sergio Massa, de Macri, el anterior gobierno peronista, es decir, Argentina ha sido llevada a este punto por los gobiernos capitalistas de las \u00faltimas d\u00e9cadas\u201d.<\/strong><\/em><\/p>\n\n\n\n<p>En relaci\u00f3n al gobierno de Javier Milei, Pitrola dijo:<em> \u201cL\u00f3gicamente, este experimento, facho libertario que encabeza est\u00e1 mostrando a dos a\u00f1os tambi\u00e9n su propia inviabilidad. Yo creo que esto lo tenemos que poner de relieve, porque ac\u00e1 no est\u00e1 en juego la gobernabilidad de Milei para nosotros, sino la gobernabilidad de las familias trabajadoras. Eso es lo que preocupa al Partido Obrero y al Frente de Izquierda\u201d.<\/em><\/p>\n\n\n\n<p><em><strong>\u201cEn cambio, vemos una oposici\u00f3n pol\u00edtica en este momento visitada por incluso funcionarios pol\u00edticos norteamericanos. Nuestro car\u00e1cter colonial ya se expresa no s\u00f3lo en el plano financiero, no s\u00f3lo en el plano econ\u00f3mico, no s\u00f3lo en la medida en que el tesoro norteamericano est\u00e1 interviniendo en nuestro mercado de cambio, como no ocurri\u00f3 nunca, que el presidente de los Estados Unidos dice si no votan a Milei nos vamos y revienten. Cosas que no tienen antecedentes hist\u00f3ricos, sino que tambi\u00e9n se est\u00e1n reuniendo con toda la oposici\u00f3n pol\u00edtica\u201d<\/strong><\/em>, agreg\u00f3.<\/p>\n\n\n\n<p>El dirigente tambi\u00e9n denunci\u00f3 la falta de respuesta ante los reclamos sociales:<em> \u201cY ya los gobernadores se est\u00e1n reuniendo incluso con el tesoro norteamericano, han empezado a transar la postergaci\u00f3n de la ley para limitar los DNU, tenemos a los dirigentes sindicales haciendo completamente la plancha, todos alineados en el peronismo, manteniendo total calma mientras se suceden luchas obreras por despidos masivos, por cierres de empresas que est\u00e1n cerrando 30 o 40 por d\u00eda, centenares de miles de despidos. Bueno, las preguntas que no pod\u00eda responder el presidente anoche, que el 80% no llega a fin de mes, los grandes reclamos populares que el movimiento obrero y el movimiento popular han puesto en la calle, el Garrahan, la discapacidad, el reclamo de los jubilados, la universidad p\u00fablica, los grandes reclamos que son verdaderamente los que han erosionado a Milei\u201d.<\/em><\/p>\n\n\n\n<figure class=\"wp-block-image size-full\"><img data-recalc-dims=\"1\" loading=\"lazy\" decoding=\"async\" width=\"800\" height=\"450\" src=\"https:\/\/i0.wp.com\/cdnoticias.com\/wp-content\/uploads\/2025\/10\/pitrola-16-octubre-25.3.jpg?resize=800%2C450&#038;ssl=1\" alt=\"\" class=\"wp-image-185412\" srcset=\"https:\/\/i0.wp.com\/cdnoticias.com\/wp-content\/uploads\/2025\/10\/pitrola-16-octubre-25.3.jpg?w=900&amp;ssl=1 900w, https:\/\/i0.wp.com\/cdnoticias.com\/wp-content\/uploads\/2025\/10\/pitrola-16-octubre-25.3.jpg?resize=300%2C169&amp;ssl=1 300w, https:\/\/i0.wp.com\/cdnoticias.com\/wp-content\/uploads\/2025\/10\/pitrola-16-octubre-25.3.jpg?resize=768%2C432&amp;ssl=1 768w\" sizes=\"auto, (max-width: 800px) 100vw, 800px\" \/><\/figure>\n\n\n\n<p>Sobre la crisis pol\u00edtica y econ\u00f3mica, Pitrola se\u00f1al\u00f3:<em><strong> \u201cEntonces, estamos en una crisis de r\u00e9gimen, donde el v\u00e9rtice de esa crisis de r\u00e9gimen es Milei, pero es una crisis de todo el r\u00e9gimen pol\u00edtico que nos viene gobernando. Esta es la reflexi\u00f3n que traemos a Olavarr\u00eda en profundidad para el pueblo, para la gente que tiene que decidir un voto y tambi\u00e9n para la que el 7 de septiembre se abstuvo\u201d.<\/strong><\/em><\/p>\n\n\n\n<p>El candidato explic\u00f3 el enfoque del Frente de Izquierda: <em><strong>\u201cEl Frente de Izquierda llama a votar claramente para derrotar a Milei y al r\u00e9gimen de la deuda, al r\u00e9gimen de la flexibilizaci\u00f3n laboral, al r\u00e9gimen de la entrega de los recursos del pa\u00eds que nos llev\u00f3 hasta ac\u00e1, en favor de un programa. El Frente de Izquierda tiene un programa que no tiene nadie. Es el \u00fanico que plantea romper con el FMI, desconocer la deuda, investigarla, nacionalizar los recursos estrat\u00e9gicos, la banca, la hidrov\u00eda y los puertos por donde fluyen los dineros del narcotr\u00e1fico que este r\u00e9gimen le garantiz\u00f3 impunidad con el blanqueo aprobado por varios de los ahora opositores\u201d.<\/strong><\/em><\/p>\n\n\n\n<blockquote class=\"wp-block-quote is-layout-flow wp-block-quote-is-layout-flow\">\n<p>\u201cSomos el \u00fanico Frente que plantea una perspectiva de este tipo, una reorganizaci\u00f3n econ\u00f3mica con los trabajadores al Frente. Social, econ\u00f3mica, pol\u00edtica. Un Estado para desmantelar el amparo institucional de los diversos delitos de los que somos v\u00edctimas los argentinos, de corrupci\u00f3n, de narcotr\u00e1fico, etc. Y el delito m\u00e1s grande de todos que son los negociados de capital financiero. Venimos de que le meten 1.500 millones de d\u00f3lares en el bolsillo a cinco cerealeras en 72 horas mientras no hay dinero para los discapacitados, ni para el Garrahan, ni para los jubilados y siguen los reclamos populares\u201d, concluy\u00f3.<\/p>\n<\/blockquote>\n\n\n\n<p>Consultado sobre la rapidez de la crisis actual, Pitrola se\u00f1al\u00f3:<em><strong> \u201cLa velocidad es enorme y si quer\u00e9s que te d\u00e9 un pron\u00f3stico, ac\u00e1 est\u00e1 planteado un 2001. Nunca la historia se repite igual. Vos me dec\u00eds, habr\u00e1 un corralito, habr\u00e1 esto, habr\u00e1 el otro. Bueno, las cosas no son id\u00e9nticas, pero la crisis tiene la magnitud y la perspectiva del levantamiento social que tuvo el 2001. No te quepa ninguna duda\u201d.<\/strong><\/em><\/p>\n\n\n\n<p>En relaci\u00f3n al sustento pol\u00edtico del gobierno frente a un resultado adverso, explic\u00f3: <em>\u201cEl gobierno, por orden de los norteamericanos, est\u00e1 tratando de armar lo que el propio Millet llam\u00f3 un gabinete de coalici\u00f3n. Por ahora el gabinete de coalici\u00f3n es con Macri, que viene a hacer consigo mismo, porque la libertad avanza ha absorbido al pro. Entonces, eso no ser\u00eda. Por eso mismo este Bennet, se llama agente de la embajada del departamento de Estado que anda reuni\u00e9ndose con pol\u00edticos, est\u00e1 pensando en un pacto con los gobernadores, con la llamada oposici\u00f3n dialog\u00edstica, con el peronismo dialogista y a\u00fan con los dirigentes sindicales, para armar una cierta red pol\u00edtica de viabilizaci\u00f3n de lo que ellos llaman las reformas estructurales\u201d.<\/em><\/p>\n\n\n\n<p>Sobre estas reformas, Pitrola se\u00f1al\u00f3<em><strong>: \u201c\u00bfQu\u00e9 son las reformas estructurales? La reforma antilaboral, la reforma antiprevisional y una reforma impositiva para que terminemos de pagar los impuestos solo a los consumidores, que es lo que est\u00e1 en la perspectiva estrat\u00e9gica, no solo de Milei, sino de la mesa de enlace del capital agrario, la uni\u00f3n industrial, todos reclaman bajar impuestos, bajar los impuestos de ellos, para que suban los impuestos de todos los consumidores. Bueno, esto es lo que se discute en el c\u00edrculo rojo\u201d.<\/strong><\/em><\/p>\n\n\n\n<p>Finalmente, sobre el rol del Frente de Izquierda en esta coyuntura, concluy\u00f3: <em><strong>\u201cEl Frente de Izquierda lo dice abiertamente, no andamos con pavadas. Porque hay un frente opositor devaluacionista que abarca a todos menos al Frente de Izquierda, d\u00edgamoslo con claridad\u201d.<\/strong><\/em><\/p>\n","protected":false},"excerpt":{"rendered":"<p>El candidato a diputado nacional por el Frente de Izquierda &#8211; Unidad visit\u00f3 Olavarr\u00eda en el marco de la campa\u00f1a<\/p>\n","protected":false},"author":2,"featured_media":185414,"comment_status":"closed","ping_status":"closed","sticky":false,"template":"","format":"standard","meta":{"_jetpack_memberships_contains_paid_content":false,"footnotes":""},"categories":[4,1],"tags":[],"class_list":["post-185416","post","type-post","status-publish","format-standard","has-post-thumbnail","hentry","category-politica","category-portada"],"jetpack_featured_media_url":"https:\/\/i0.wp.com\/cdnoticias.com\/wp-content\/uploads\/2025\/10\/pitrola-16-octubre-25.1.jpg?fit=900%2C506&ssl=1","jetpack_sharing_enabled":true,"_links":{"self":[{"href":"https:\/\/cdnoticias.com\/index.php\/wp-json\/wp\/v2\/posts\/185416","targetHints":{"allow":["GET"]}}],"collection":[{"href":"https:\/\/cdnoticias.com\/index.php\/wp-json\/wp\/v2\/posts"}],"about":[{"href":"https:\/\/cdnoticias.com\/index.php\/wp-json\/wp\/v2\/types\/post"}],"author":[{"embeddable":true,"href":"https:\/\/cdnoticias.com\/index.php\/wp-json\/wp\/v2\/users\/2"}],"replies":[{"embeddable":true,"href":"https:\/\/cdnoticias.com\/index.php\/wp-json\/wp\/v2\/comments?post=185416"}],"version-history":[{"count":0,"href":"https:\/\/cdnoticias.com\/index.php\/wp-json\/wp\/v2\/posts\/185416\/revisions"}],"wp:featuredmedia":[{"embeddable":true,"href":"https:\/\/cdnoticias.com\/index.php\/wp-json\/wp\/v2\/media\/185414"}],"wp:attachment":[{"href":"https:\/\/cdnoticias.com\/index.php\/wp-json\/wp\/v2\/media?parent=185416"}],"wp:term":[{"taxonomy":"category","embeddable":true,"href":"https:\/\/cdnoticias.com\/index.php\/wp-json\/wp\/v2\/categories?post=185416"},{"taxonomy":"post_tag","embeddable":true,"href":"https:\/\/cdnoticias.com\/index.php\/wp-json\/wp\/v2\/tags?post=185416"}],"curies":[{"name":"wp","href":"https:\/\/api.w.org\/{rel}","templated":true}]}}