{"id":185403,"date":"2025-10-16T18:31:52","date_gmt":"2025-10-16T21:31:52","guid":{"rendered":"https:\/\/cdnoticias.com\/?p=185403"},"modified":"2025-10-16T18:31:54","modified_gmt":"2025-10-16T21:31:54","slug":"mantenimiento-de-calles-en-distintos-puntos-de-la-ciudad-2","status":"publish","type":"post","link":"https:\/\/cdnoticias.com\/index.php\/2025\/10\/16\/mantenimiento-de-calles-en-distintos-puntos-de-la-ciudad-2\/","title":{"rendered":"Mantenimiento de calles en distintos puntos de la ciudad"},"content":{"rendered":"\n<p>Durante las pr\u00f3ximas horas se ver\u00e1 reducida la calzada y circulaci\u00f3n sobre el cruce de San Mart\u00edn y La Rioja.<\/p>\n\n\n\n<hr class=\"wp-block-separator aligncenter has-alpha-channel-opacity\"\/>\n\n\n\n<p>Este jueves se llevaron a cabo<strong> trabajos de mejora y mantenimiento de calles en distintos puntos de la ciudad y el Partido,<\/strong> en labores que son desplegados y coordinados desde la Secretar\u00eda de Obras, Infraestructura y Servicios P\u00fablicos.<\/p>\n\n\n\n<p><\/p>\n\n\n\n<p>En ese marco, un importante despliegue pudo verse sobre <strong>calle Grimaldi, en el tramo entre Mendoza y avenida Eva Per\u00f3n, <\/strong>conocida tambi\u00e9n como <strong>Circunvalaci\u00f3n.<\/strong> All\u00ed se debi\u00f3 llevar a cabo un trabajo no s\u00f3lo de mantenimiento y mejora, sino tambi\u00e9n de conformado de esa arteria.<\/p>\n\n\n\n<p><\/p>\n\n\n\n<blockquote class=\"wp-block-quote is-layout-flow wp-block-quote-is-layout-flow\">\n<p>Fue por ello que se diagram\u00f3 un operativo con el trabajo conjunto y articulado de una retroexcadavodora, una pala y una moto niveladora, adem\u00e1s de camiones para el traslado de materiales de estabilizado y entoscado.<\/p>\n<\/blockquote>\n\n\n\n<p><\/p>\n\n\n\n<figure class=\"wp-block-image aligncenter size-full\"><img data-recalc-dims=\"1\" loading=\"lazy\" decoding=\"async\" width=\"800\" height=\"450\" src=\"https:\/\/i0.wp.com\/cdnoticias.com\/wp-content\/uploads\/2025\/10\/mantenimiento-calles1.jpg?resize=800%2C450&#038;ssl=1\" alt=\"\" class=\"wp-image-185406\" srcset=\"https:\/\/i0.wp.com\/cdnoticias.com\/wp-content\/uploads\/2025\/10\/mantenimiento-calles1.jpg?w=900&amp;ssl=1 900w, https:\/\/i0.wp.com\/cdnoticias.com\/wp-content\/uploads\/2025\/10\/mantenimiento-calles1.jpg?resize=300%2C169&amp;ssl=1 300w, https:\/\/i0.wp.com\/cdnoticias.com\/wp-content\/uploads\/2025\/10\/mantenimiento-calles1.jpg?resize=768%2C432&amp;ssl=1 768w\" sizes=\"auto, (max-width: 800px) 100vw, 800px\" \/><\/figure>\n\n\n\n<p><\/p>\n\n\n\n<p>De manera paralela, trabajos de similar \u00edndole se llevaron a cabo sobre la <strong>colectora de avenida Eva Per\u00f3n, <\/strong>a la altura del <strong>cruce con Las Heras.<\/strong><\/p>\n\n\n\n<p><\/p>\n\n\n\n<p>Por otra parte, desde la Direcci\u00f3n de Hidr\u00e1ulica y Pavimento se detall\u00f3 que <strong>durante las pr\u00f3ximas horas se ver\u00e1 reducida la calzada y circulaci\u00f3n sobre el cruce de San Mart\u00edn y La Rioja,<\/strong> en el marco del <strong>avance de la obra de pavimentaci\u00f3n<\/strong> de esta \u00faltima avenida. <\/p>\n\n\n\n<p><\/p>\n\n\n\n<p>Desde el Municipio se indic\u00f3 que <em>&#8220;se apela a la colaboraci\u00f3n y prudencia de las personas que deban circular por el sector&#8221;. <\/em><\/p>\n\n\n\n<p><\/p>\n","protected":false},"excerpt":{"rendered":"<p>Durante las pr\u00f3ximas horas se ver\u00e1 reducida la calzada y circulaci\u00f3n sobre el cruce de San Mart\u00edn y La Rioja.<\/p>\n","protected":false},"author":6,"featured_media":185405,"comment_status":"closed","ping_status":"closed","sticky":false,"template":"","format":"standard","meta":{"_jetpack_memberships_contains_paid_content":false,"footnotes":""},"categories":[5,1],"tags":[],"class_list":["post-185403","post","type-post","status-publish","format-standard","has-post-thumbnail","hentry","category-informacion-general","category-portada"],"jetpack_featured_media_url":"https:\/\/i0.wp.com\/cdnoticias.com\/wp-content\/uploads\/2025\/10\/mantenimiento-calles2.jpg?fit=898%2C527&ssl=1","jetpack_sharing_enabled":true,"_links":{"self":[{"href":"https:\/\/cdnoticias.com\/index.php\/wp-json\/wp\/v2\/posts\/185403","targetHints":{"allow":["GET"]}}],"collection":[{"href":"https:\/\/cdnoticias.com\/index.php\/wp-json\/wp\/v2\/posts"}],"about":[{"href":"https:\/\/cdnoticias.com\/index.php\/wp-json\/wp\/v2\/types\/post"}],"author":[{"embeddable":true,"href":"https:\/\/cdnoticias.com\/index.php\/wp-json\/wp\/v2\/users\/6"}],"replies":[{"embeddable":true,"href":"https:\/\/cdnoticias.com\/index.php\/wp-json\/wp\/v2\/comments?post=185403"}],"version-history":[{"count":0,"href":"https:\/\/cdnoticias.com\/index.php\/wp-json\/wp\/v2\/posts\/185403\/revisions"}],"wp:featuredmedia":[{"embeddable":true,"href":"https:\/\/cdnoticias.com\/index.php\/wp-json\/wp\/v2\/media\/185405"}],"wp:attachment":[{"href":"https:\/\/cdnoticias.com\/index.php\/wp-json\/wp\/v2\/media?parent=185403"}],"wp:term":[{"taxonomy":"category","embeddable":true,"href":"https:\/\/cdnoticias.com\/index.php\/wp-json\/wp\/v2\/categories?post=185403"},{"taxonomy":"post_tag","embeddable":true,"href":"https:\/\/cdnoticias.com\/index.php\/wp-json\/wp\/v2\/tags?post=185403"}],"curies":[{"name":"wp","href":"https:\/\/api.w.org\/{rel}","templated":true}]}}