{"id":185391,"date":"2025-10-16T19:23:04","date_gmt":"2025-10-16T22:23:04","guid":{"rendered":"https:\/\/cdnoticias.com\/?p=185391"},"modified":"2025-10-17T09:01:13","modified_gmt":"2025-10-17T12:01:13","slug":"refuerzo-de-bloque-antirrabico-en-la-plaza-manuel-belgrano","status":"publish","type":"post","link":"https:\/\/cdnoticias.com\/index.php\/2025\/10\/16\/refuerzo-de-bloque-antirrabico-en-la-plaza-manuel-belgrano\/","title":{"rendered":"Refuerzo de bloqueo antirr\u00e1bico en la Plaza Manuel Belgrano\u00a0"},"content":{"rendered":"\n<p>Este s\u00e1bado 18 de octubre ante la detecci\u00f3n de un caso positivo de rabia en un murci\u00e9lago d\u00edas atr\u00e1s.&nbsp;<\/p>\n\n\n\n<hr class=\"wp-block-separator aligncenter has-alpha-channel-opacity\"\/>\n\n\n\n<p>Desde la Direcci\u00f3n Veterinaria del Municipio se inform\u00f3 que <strong>este s\u00e1bado 18 de octubre de 09:00 a 12:30 horas, <\/strong>se realizar\u00e1 un<strong> refuerzo del operativo de bloqueo efectuado d\u00edas pasados ante la detecci\u00f3n de un caso positivo de rabia en un murci\u00e9lago<\/strong> (siendo ellos los reservorios naturales del virus).<\/p>\n\n\n\n<p><\/p>\n\n\n\n<blockquote class=\"wp-block-quote is-layout-flow wp-block-quote-is-layout-flow\">\n<p>Por tal motivo, se dispondr\u00e1 de un puesto de vacunaci\u00f3n antirr\u00e1bica canina y felina en la Plaza Manuel Belgrano (Moreno entre Azopardo y Buchardo).<\/p>\n<\/blockquote>\n\n\n\n<p><\/p>\n\n\n\n<p>Es por ello que <strong>se solicitar\u00e1 a cada vecino y vecina que colabore acercando a los perros a la Plaza con collar y correa, <\/strong>y a los<strong> gatos en un bolso transportador o envueltos en una manta.<\/strong><\/p>\n\n\n\n<p><\/p>\n\n\n\n<blockquote class=\"wp-block-quote is-layout-flow wp-block-quote-is-layout-flow\">\n<p>Adem\u00e1s, se recuerda que, si encuentra un murci\u00e9lago, no debe tocarlo y debe dar aviso a Bromatolog\u00eda o Defensa Civil para que sea un operario quien lo retire y lo env\u00ede al laboratorio para su an\u00e1lisis.\u00a0<\/p>\n<\/blockquote>\n\n\n\n<p><\/p>\n\n\n\n<p>De esta manera, pueden llamar a los tel\u00e9fonos 2284-579825 lunes a viernes de 7:30 a 13:30 horas, en horario de tarde hasta las 19:00 horas comunicarse con Defensa Civil 2284 \u2013412509, 103. Luego de esos horarios mensaje al programa Vecinos en Red (VER), 2284 544817.<\/p>\n\n\n\n<p><\/p>\n","protected":false},"excerpt":{"rendered":"<p>Este s\u00e1bado 18 de octubre ante la detecci\u00f3n de un caso positivo de rabia en un murci\u00e9lago d\u00edas atr\u00e1s.&nbsp; Desde<\/p>\n","protected":false},"author":6,"featured_media":66336,"comment_status":"closed","ping_status":"closed","sticky":false,"template":"","format":"standard","meta":{"_jetpack_memberships_contains_paid_content":false,"footnotes":""},"categories":[5,1],"tags":[],"class_list":["post-185391","post","type-post","status-publish","format-standard","has-post-thumbnail","hentry","category-informacion-general","category-portada"],"jetpack_featured_media_url":"https:\/\/i0.wp.com\/cdnoticias.com\/wp-content\/uploads\/2022\/10\/murcielago.jpg?fit=800%2C445&ssl=1","jetpack_sharing_enabled":true,"_links":{"self":[{"href":"https:\/\/cdnoticias.com\/index.php\/wp-json\/wp\/v2\/posts\/185391","targetHints":{"allow":["GET"]}}],"collection":[{"href":"https:\/\/cdnoticias.com\/index.php\/wp-json\/wp\/v2\/posts"}],"about":[{"href":"https:\/\/cdnoticias.com\/index.php\/wp-json\/wp\/v2\/types\/post"}],"author":[{"embeddable":true,"href":"https:\/\/cdnoticias.com\/index.php\/wp-json\/wp\/v2\/users\/6"}],"replies":[{"embeddable":true,"href":"https:\/\/cdnoticias.com\/index.php\/wp-json\/wp\/v2\/comments?post=185391"}],"version-history":[{"count":0,"href":"https:\/\/cdnoticias.com\/index.php\/wp-json\/wp\/v2\/posts\/185391\/revisions"}],"wp:featuredmedia":[{"embeddable":true,"href":"https:\/\/cdnoticias.com\/index.php\/wp-json\/wp\/v2\/media\/66336"}],"wp:attachment":[{"href":"https:\/\/cdnoticias.com\/index.php\/wp-json\/wp\/v2\/media?parent=185391"}],"wp:term":[{"taxonomy":"category","embeddable":true,"href":"https:\/\/cdnoticias.com\/index.php\/wp-json\/wp\/v2\/categories?post=185391"},{"taxonomy":"post_tag","embeddable":true,"href":"https:\/\/cdnoticias.com\/index.php\/wp-json\/wp\/v2\/tags?post=185391"}],"curies":[{"name":"wp","href":"https:\/\/api.w.org\/{rel}","templated":true}]}}