{"id":185385,"date":"2025-10-17T08:36:17","date_gmt":"2025-10-17T11:36:17","guid":{"rendered":"https:\/\/cdnoticias.com\/?p=185385"},"modified":"2025-10-17T08:36:19","modified_gmt":"2025-10-17T11:36:19","slug":"tercera-jornada-de-mujeres-rurales-en-recalde","status":"publish","type":"post","link":"https:\/\/cdnoticias.com\/index.php\/2025\/10\/17\/tercera-jornada-de-mujeres-rurales-en-recalde\/","title":{"rendered":"Tercera jornada de Mujeres Rurales en Recalde"},"content":{"rendered":"\n<p>Ser\u00e1 el pr\u00f3ximo s\u00e1bado 18 de octubre de la mano de Ola Rosa, quienes encabezar\u00e1n una charla con el objetivo de prevenir el c\u00e1ncer de mama.&nbsp;<\/p>\n\n\n\n<hr class=\"wp-block-separator aligncenter has-alpha-channel-opacity\"\/>\n\n\n\n<p>El pr\u00f3ximo <strong>s\u00e1bado 18 <\/strong>se llevar\u00e1 a cabo la<strong> tercera jornada de Mujeres Rurales en el Club Recalde,<\/strong> una propuesta que surge del trabajo articulado y conjunto de diversas \u00e1reas municipales, la asociaci\u00f3n civil Ola Rosa y la asociaci\u00f3n civil Proyectar los Pueblos.<\/p>\n\n\n\n<p><\/p>\n\n\n\n<blockquote class=\"wp-block-quote is-layout-flow wp-block-quote-is-layout-flow\">\n<p>La propuesta iniciar\u00e1 a las 9:30 horas y se enmarcar\u00e1 en las actividades de concientizaci\u00f3n, prevenci\u00f3n e informaci\u00f3n sobre el c\u00e1ncer de mama. En ese sentido, integrantes de Ola Rosa encabezar\u00e1n una charla con el objetivo de compartir conocimientos y experiencias.<\/p>\n<\/blockquote>\n\n\n\n<p><\/p>\n\n\n\n<p>A la par, se contar\u00e1 con la presencia y <strong>participaci\u00f3n de profesionales e integrantes de la Direcci\u00f3n de Atenci\u00f3n Primaria de la Salud.<\/strong> Asimismo, desde el Municipio se brindar\u00e1n propuestas e informaci\u00f3n desde la <strong>Direcci\u00f3n de Pol\u00edticas de G\u00e9nero.<\/strong><\/p>\n\n\n\n<p><\/p>\n\n\n\n<p>La jornada tiene por objetivo promover un <strong>espacio de bienestar y salud para mujeres rurales,<\/strong> fomentando la vinculaci\u00f3n, pero tambi\u00e9n la capacitaci\u00f3n y las oportunidades.\u00a0<\/p>\n\n\n\n<p><\/p>\n\n\n\n<p>En ese sentido, desde la Direcci\u00f3n de Desarrollo Agropecuario y en coordinaci\u00f3n con el INTA se brindar\u00e1 adem\u00e1s un<strong> taller de huerta familiar<\/strong>.<\/p>\n","protected":false},"excerpt":{"rendered":"<p>Ser\u00e1 el pr\u00f3ximo s\u00e1bado 18 de octubre de la mano de Ola Rosa, quienes encabezar\u00e1n una charla con el objetivo<\/p>\n","protected":false},"author":6,"featured_media":107240,"comment_status":"closed","ping_status":"closed","sticky":false,"template":"","format":"standard","meta":{"_jetpack_memberships_contains_paid_content":false,"footnotes":""},"categories":[3,1],"tags":[],"class_list":["post-185385","post","type-post","status-publish","format-standard","has-post-thumbnail","hentry","category-genero","category-portada"],"jetpack_featured_media_url":"https:\/\/i0.wp.com\/cdnoticias.com\/wp-content\/uploads\/2024\/01\/recalde-01.jpg?fit=800%2C444&ssl=1","jetpack_sharing_enabled":true,"_links":{"self":[{"href":"https:\/\/cdnoticias.com\/index.php\/wp-json\/wp\/v2\/posts\/185385","targetHints":{"allow":["GET"]}}],"collection":[{"href":"https:\/\/cdnoticias.com\/index.php\/wp-json\/wp\/v2\/posts"}],"about":[{"href":"https:\/\/cdnoticias.com\/index.php\/wp-json\/wp\/v2\/types\/post"}],"author":[{"embeddable":true,"href":"https:\/\/cdnoticias.com\/index.php\/wp-json\/wp\/v2\/users\/6"}],"replies":[{"embeddable":true,"href":"https:\/\/cdnoticias.com\/index.php\/wp-json\/wp\/v2\/comments?post=185385"}],"version-history":[{"count":0,"href":"https:\/\/cdnoticias.com\/index.php\/wp-json\/wp\/v2\/posts\/185385\/revisions"}],"wp:featuredmedia":[{"embeddable":true,"href":"https:\/\/cdnoticias.com\/index.php\/wp-json\/wp\/v2\/media\/107240"}],"wp:attachment":[{"href":"https:\/\/cdnoticias.com\/index.php\/wp-json\/wp\/v2\/media?parent=185385"}],"wp:term":[{"taxonomy":"category","embeddable":true,"href":"https:\/\/cdnoticias.com\/index.php\/wp-json\/wp\/v2\/categories?post=185385"},{"taxonomy":"post_tag","embeddable":true,"href":"https:\/\/cdnoticias.com\/index.php\/wp-json\/wp\/v2\/tags?post=185385"}],"curies":[{"name":"wp","href":"https:\/\/api.w.org\/{rel}","templated":true}]}}