{"id":185383,"date":"2025-10-16T17:08:16","date_gmt":"2025-10-16T20:08:16","guid":{"rendered":"https:\/\/cdnoticias.com\/?p=185383"},"modified":"2025-10-16T17:08:18","modified_gmt":"2025-10-16T20:08:18","slug":"waldo-ezequiel-hernandez-chipi-q-e-p-d","status":"publish","type":"post","link":"https:\/\/cdnoticias.com\/index.php\/2025\/10\/16\/waldo-ezequiel-hernandez-chipi-q-e-p-d\/","title":{"rendered":"Waldo Ezequiel Hernandez \u201cChipi\u201d (Q.E.P.D.)"},"content":{"rendered":"\n<p>Falleci\u00f3 en Olavarr\u00eda el 16 de octubre de 2025 a los 48 a\u00f1os.<\/p>\n\n\n\n<p>Su esposa: Florencia Nahir Quiroga. Sus hijos: Lucero Hernandez y Agustin Hernandez. Su nieto, cu\u00f1ados, sobrinos, primos y dem\u00e1s familiares participan de su fallecimiento.<\/p>\n\n\n\n<p>Velatorio: Sala velatoria de Sierras Bayas , Departamento &#8221; A &#8220;. Responso: Capilla Ardiente. Inhumaci\u00f3n: Cementerio Municipal de Sierras Bayas, viernes 17 de octubre a las 8:30 horas. Servicio adherido a Coopelectric.&nbsp;<\/p>\n\n\n\n<p>Barrio en el que viv\u00eda: Vecino de Sierras Bayas<\/p>\n\n\n\n<p>Lugar de nacimiento: Sierras Bayas<\/p>\n\n\n\n<p>Actividad que desarrollaba: Metal\u00fargico<\/p>\n","protected":false},"excerpt":{"rendered":"<p>Falleci\u00f3 en Olavarr\u00eda el 16 de octubre de 2025 a los 48 a\u00f1os. Su esposa: Florencia Nahir Quiroga. Sus hijos:<\/p>\n","protected":false},"author":6,"featured_media":100390,"comment_status":"closed","ping_status":"closed","sticky":false,"template":"","format":"standard","meta":{"_jetpack_memberships_contains_paid_content":false,"footnotes":""},"categories":[10],"tags":[],"class_list":["post-185383","post","type-post","status-publish","format-standard","has-post-thumbnail","hentry","category-necrologicas"],"jetpack_featured_media_url":"https:\/\/i0.wp.com\/cdnoticias.com\/wp-content\/uploads\/2023\/10\/necrologicas-390-x-240.jpg?fit=390%2C240&ssl=1","jetpack_sharing_enabled":true,"_links":{"self":[{"href":"https:\/\/cdnoticias.com\/index.php\/wp-json\/wp\/v2\/posts\/185383","targetHints":{"allow":["GET"]}}],"collection":[{"href":"https:\/\/cdnoticias.com\/index.php\/wp-json\/wp\/v2\/posts"}],"about":[{"href":"https:\/\/cdnoticias.com\/index.php\/wp-json\/wp\/v2\/types\/post"}],"author":[{"embeddable":true,"href":"https:\/\/cdnoticias.com\/index.php\/wp-json\/wp\/v2\/users\/6"}],"replies":[{"embeddable":true,"href":"https:\/\/cdnoticias.com\/index.php\/wp-json\/wp\/v2\/comments?post=185383"}],"version-history":[{"count":0,"href":"https:\/\/cdnoticias.com\/index.php\/wp-json\/wp\/v2\/posts\/185383\/revisions"}],"wp:featuredmedia":[{"embeddable":true,"href":"https:\/\/cdnoticias.com\/index.php\/wp-json\/wp\/v2\/media\/100390"}],"wp:attachment":[{"href":"https:\/\/cdnoticias.com\/index.php\/wp-json\/wp\/v2\/media?parent=185383"}],"wp:term":[{"taxonomy":"category","embeddable":true,"href":"https:\/\/cdnoticias.com\/index.php\/wp-json\/wp\/v2\/categories?post=185383"},{"taxonomy":"post_tag","embeddable":true,"href":"https:\/\/cdnoticias.com\/index.php\/wp-json\/wp\/v2\/tags?post=185383"}],"curies":[{"name":"wp","href":"https:\/\/api.w.org\/{rel}","templated":true}]}}