{"id":185377,"date":"2025-10-19T11:33:23","date_gmt":"2025-10-19T14:33:23","guid":{"rendered":"https:\/\/cdnoticias.com\/?p=185377"},"modified":"2025-10-19T11:33:25","modified_gmt":"2025-10-19T14:33:25","slug":"octubre-rosa-charla-no-te-cuides-a-medias-en-coopelectric","status":"publish","type":"post","link":"https:\/\/cdnoticias.com\/index.php\/2025\/10\/19\/octubre-rosa-charla-no-te-cuides-a-medias-en-coopelectric\/","title":{"rendered":"Octubre Rosa: charla \u201cNo te cuides a medias\u201d en Coopelectric"},"content":{"rendered":"\n<p>Ser\u00e1 el jueves 23 de octubre con entrada libre y gratuita en el marco de la lucha contra el c\u00e1ncer de mama.&nbsp;<\/p>\n\n\n\n<hr class=\"wp-block-separator aligncenter has-alpha-channel-opacity\"\/>\n\n\n\n<p><strong>Coopelectric, LALCEC, Ola Rosa y Pelucas Solidarias Olavarr\u00eda<\/strong> invitan a la comunidad a participar de la<strong> charla \u201cNo te cuides a medias\u201d<\/strong>, una propuesta para aprender, conversar y compartir sobre <strong>salud mamaria.\u00a0<\/strong><\/p>\n\n\n\n<p><\/p>\n\n\n\n<blockquote class=\"wp-block-quote is-layout-flow wp-block-quote-is-layout-flow\">\n<p>La charla tendr\u00e1 lugar el jueves 23 de octubre a las 19:30 horas en el Sal\u00f3n Audit\u00f3rium de Coopelectric (Belgrano 2850) con entrada libre y gratuita.<\/p>\n<\/blockquote>\n\n\n\n<p><\/p>\n\n\n\n<p>Ser\u00e1 dictada por Mar\u00eda Bel\u00e9n Iriarte, m\u00e9dica ginec\u00f3loga y mast\u00f3loga; Mar\u00eda Roc\u00edo Larreche, Biolog\u00eda Molecular y Asesoramiento gen\u00e9tico oncol\u00f3gico; Agustina Sal\u00edas, M\u00e9dica especialista en Diagn\u00f3stico por im\u00e1genes con M\u00e1ster en Mastolog\u00eda; Melisa Vivacqua, m\u00e9dica mast\u00f3loga y ginec\u00f3loga.<\/p>\n\n\n\n<p><\/p>\n\n\n\n<p>La finalidad de la charla consiste en<strong> crear un espacio seguro y solidario en el que se puedan hacer consultas, compartir experiencias<\/strong> y conectar con otras personas, brindando a cada participante informaci\u00f3n valiosa y herramientas pr\u00e1cticas para cuidar la salud mamaria.<\/p>\n\n\n\n<p><\/p>\n\n\n\n<p>Por \u00faltimo, en el<strong> mes de la lucha contra el c\u00e1ncer de mama, <\/strong>las especialistas abordar\u00e1n la <strong>prevenci\u00f3n, el diagn\u00f3stico, el asesoramiento gen\u00e9tico <\/strong>y las <strong>opciones de tratamiento.\u00a0<\/strong><\/p>\n\n\n\n<p><\/p>\n","protected":false},"excerpt":{"rendered":"<p>Ser\u00e1 el jueves 23 de octubre con entrada libre y gratuita en el marco de la lucha contra el c\u00e1ncer<\/p>\n","protected":false},"author":6,"featured_media":134488,"comment_status":"closed","ping_status":"closed","sticky":false,"template":"","format":"standard","meta":{"_jetpack_memberships_contains_paid_content":false,"footnotes":""},"categories":[5,1],"tags":[],"class_list":["post-185377","post","type-post","status-publish","format-standard","has-post-thumbnail","hentry","category-informacion-general","category-portada"],"jetpack_featured_media_url":"https:\/\/i0.wp.com\/cdnoticias.com\/wp-content\/uploads\/2025\/01\/coopelectric-fachada-03.jpg?fit=1000%2C563&ssl=1","jetpack_sharing_enabled":true,"_links":{"self":[{"href":"https:\/\/cdnoticias.com\/index.php\/wp-json\/wp\/v2\/posts\/185377","targetHints":{"allow":["GET"]}}],"collection":[{"href":"https:\/\/cdnoticias.com\/index.php\/wp-json\/wp\/v2\/posts"}],"about":[{"href":"https:\/\/cdnoticias.com\/index.php\/wp-json\/wp\/v2\/types\/post"}],"author":[{"embeddable":true,"href":"https:\/\/cdnoticias.com\/index.php\/wp-json\/wp\/v2\/users\/6"}],"replies":[{"embeddable":true,"href":"https:\/\/cdnoticias.com\/index.php\/wp-json\/wp\/v2\/comments?post=185377"}],"version-history":[{"count":0,"href":"https:\/\/cdnoticias.com\/index.php\/wp-json\/wp\/v2\/posts\/185377\/revisions"}],"wp:featuredmedia":[{"embeddable":true,"href":"https:\/\/cdnoticias.com\/index.php\/wp-json\/wp\/v2\/media\/134488"}],"wp:attachment":[{"href":"https:\/\/cdnoticias.com\/index.php\/wp-json\/wp\/v2\/media?parent=185377"}],"wp:term":[{"taxonomy":"category","embeddable":true,"href":"https:\/\/cdnoticias.com\/index.php\/wp-json\/wp\/v2\/categories?post=185377"},{"taxonomy":"post_tag","embeddable":true,"href":"https:\/\/cdnoticias.com\/index.php\/wp-json\/wp\/v2\/tags?post=185377"}],"curies":[{"name":"wp","href":"https:\/\/api.w.org\/{rel}","templated":true}]}}