{"id":185372,"date":"2025-10-16T17:30:09","date_gmt":"2025-10-16T20:30:09","guid":{"rendered":"https:\/\/cdnoticias.com\/?p=185372"},"modified":"2025-10-16T17:30:11","modified_gmt":"2025-10-16T20:30:11","slug":"manjares-bonaerenses-de-tapalque-la-torta-negra-la-autentica-factura-criolla","status":"publish","type":"post","link":"https:\/\/cdnoticias.com\/index.php\/2025\/10\/16\/manjares-bonaerenses-de-tapalque-la-torta-negra-la-autentica-factura-criolla\/","title":{"rendered":"Manjares bonaerenses: de Tapalqu\u00e9, la torta negra, la aut\u00e9ntica factura criolla"},"content":{"rendered":"<p>Con un humilde origen, la torta negra es &#8220;la&#8221; factura nacional. Y Tapalqu\u00e9 es la Capital Nacional de uno de los manjares bonaerenses m\u00e1s queridos.<!--more--><\/p>\n<hr \/>\n<p><strong>No hay factura m\u00e1s criolla que la torta negra<\/strong>, uno de los manjares bonaerenses. A diferencia de los croissants o las medialunas, que son de clara herencia europea, con su <strong>base en la grasa y el az\u00facar negra<\/strong>, se la considera un <strong>emblema de la pasteler\u00eda criolla y nacional<\/strong>.<\/p>\n<blockquote><p>Aunque varios pueblos de la Provincia de Buenos Aires la han adoptado como parte de su identidad cultural y gastron\u00f3mica, es Tapalqu\u00e9 la Capital Nacional de la Torta Negra.<\/p><\/blockquote>\n<p><img data-recalc-dims=\"1\" loading=\"lazy\" decoding=\"async\" class=\"alignnone size-full wp-image-185375 aligncenter\" src=\"https:\/\/i0.wp.com\/cdnoticias.com\/wp-content\/uploads\/2025\/10\/torta-negra-tapalque-01.jpg?resize=800%2C450&#038;ssl=1\" alt=\"\" width=\"800\" height=\"450\" srcset=\"https:\/\/i0.wp.com\/cdnoticias.com\/wp-content\/uploads\/2025\/10\/torta-negra-tapalque-01.jpg?w=1000&amp;ssl=1 1000w, https:\/\/i0.wp.com\/cdnoticias.com\/wp-content\/uploads\/2025\/10\/torta-negra-tapalque-01.jpg?resize=300%2C169&amp;ssl=1 300w, https:\/\/i0.wp.com\/cdnoticias.com\/wp-content\/uploads\/2025\/10\/torta-negra-tapalque-01.jpg?resize=768%2C432&amp;ssl=1 768w\" sizes=\"auto, (max-width: 800px) 100vw, 800px\" \/><\/p>\n<p>Los<strong> tapalquenses<\/strong> son conocidos en la zona como<strong> los torteros, mote con el que los bautizaron<\/strong> los vecinos de General Alvear. All\u00ed las panader\u00edas son siempre tradicionales y se caracterizan por la <strong>elaboraci\u00f3n de tortas negras tama\u00f1o familiar<\/strong>, ya que llegan a medir entre 25 y 30 cent\u00edmetros de di\u00e1metro, casi del tama\u00f1o de una pizza.<\/p>\n<blockquote><p>Cada a\u00f1o, durante el segundo fin de semana de enero, el pueblo entero celebra su producci\u00f3n en el Balneario Municipal de la ciudad.<\/p><\/blockquote>\n<p>Tambi\u00e9n tiene su<strong> fiesta de la tortita negra -o \u201ccara sucia\u201d<\/strong>, como tambi\u00e9n se la conoce- Berdier (partido de Salto), General Lavalle y Las Marianas, en Navarro. En todos los casos, son perfectas para el mate o el desayuno.<\/p>\n<h3>As\u00ed se hace la torta negra<\/h3>\n<h5>Ingredientes:<\/h5>\n<p><strong>Para la masa:<\/strong><\/p>\n<ul>\n<li>500 g de harina de trigo (0000 o todo uso)<\/li>\n<li>10 g de levadura fresca (o 3-4 g de levadura seca)<\/li>\n<li>100 g de az\u00facar<\/li>\n<li>100 ml de leche tibia<\/li>\n<li>50 g de grasa vacuna<\/li>\n<li>1 huevo grande<\/li>\n<li>1 pizca de sal<\/li>\n<li>Esencia de vainilla (opcional)<\/li>\n<li>Ralladura de lim\u00f3n (opcional)<\/li>\n<\/ul>\n<p><strong>Para la cobertura:<\/strong><\/p>\n<ul>\n<li>200 g de az\u00facar negra (mascabo o morena oscura)<\/li>\n<li>30-50 ml de agua (aproximadamente, hasta formar una pasta espesa)<\/li>\n<\/ul>\n<p><img data-recalc-dims=\"1\" loading=\"lazy\" decoding=\"async\" class=\"alignnone size-full wp-image-185373 aligncenter\" src=\"https:\/\/i0.wp.com\/cdnoticias.com\/wp-content\/uploads\/2025\/10\/torta-negra-tapalque-02.jpg?resize=800%2C534&#038;ssl=1\" alt=\"\" width=\"800\" height=\"534\" srcset=\"https:\/\/i0.wp.com\/cdnoticias.com\/wp-content\/uploads\/2025\/10\/torta-negra-tapalque-02.jpg?w=1000&amp;ssl=1 1000w, https:\/\/i0.wp.com\/cdnoticias.com\/wp-content\/uploads\/2025\/10\/torta-negra-tapalque-02.jpg?resize=300%2C200&amp;ssl=1 300w, https:\/\/i0.wp.com\/cdnoticias.com\/wp-content\/uploads\/2025\/10\/torta-negra-tapalque-02.jpg?resize=768%2C512&amp;ssl=1 768w, https:\/\/i0.wp.com\/cdnoticias.com\/wp-content\/uploads\/2025\/10\/torta-negra-tapalque-02.jpg?resize=272%2C182&amp;ssl=1 272w\" sizes=\"auto, (max-width: 800px) 100vw, 800px\" \/><\/p>\n<h5>Preparaci\u00f3n<\/h5>\n<ul>\n<li>Formar un volc\u00e1n con los ingredientes secos. \u00b7<\/li>\n<li>Colocar la leche, un poco de az\u00facar y la levadura en el centro y amasar. \u00b7<\/li>\n<li>Agregar la grasa, el huevo, la esencia y la ralladura de lim\u00f3n y continuar amasando hasta integrar. \u00b7<\/li>\n<li>Dejar levar 20 minutos, desgasificar y formar 4 bollos. \u00b7<\/li>\n<li>Armar 4 tortas de 25 cm de di\u00e1metro. \u00b7<\/li>\n<li>Humedecer la superficie con agua y espolvorear con az\u00facar negra mezclada con una cucharada de harina y 50 grs. de az\u00facar blanca.<\/li>\n<li>Dejar levar 20 minutos m\u00e1s.<\/li>\n<li>Llevar al horno a 180\u00ba unos 12 minutos.<\/li>\n<\/ul>\n<p>Fuente: <em>Agencia DIB<\/em><\/p>\n","protected":false},"excerpt":{"rendered":"<p>Con un humilde origen, la torta negra es &#8220;la&#8221; factura nacional. Y Tapalqu\u00e9 es la Capital Nacional de uno de<\/p>\n","protected":false},"author":4,"featured_media":185374,"comment_status":"closed","ping_status":"closed","sticky":false,"template":"","format":"standard","meta":{"_jetpack_memberships_contains_paid_content":false,"footnotes":""},"categories":[6,1],"tags":[],"class_list":["post-185372","post","type-post","status-publish","format-standard","has-post-thumbnail","hentry","category-nacionales","category-portada"],"jetpack_featured_media_url":"https:\/\/i0.wp.com\/cdnoticias.com\/wp-content\/uploads\/2025\/10\/torta-negra-tapalque-0.jpg?fit=1000%2C562&ssl=1","jetpack_sharing_enabled":true,"_links":{"self":[{"href":"https:\/\/cdnoticias.com\/index.php\/wp-json\/wp\/v2\/posts\/185372","targetHints":{"allow":["GET"]}}],"collection":[{"href":"https:\/\/cdnoticias.com\/index.php\/wp-json\/wp\/v2\/posts"}],"about":[{"href":"https:\/\/cdnoticias.com\/index.php\/wp-json\/wp\/v2\/types\/post"}],"author":[{"embeddable":true,"href":"https:\/\/cdnoticias.com\/index.php\/wp-json\/wp\/v2\/users\/4"}],"replies":[{"embeddable":true,"href":"https:\/\/cdnoticias.com\/index.php\/wp-json\/wp\/v2\/comments?post=185372"}],"version-history":[{"count":0,"href":"https:\/\/cdnoticias.com\/index.php\/wp-json\/wp\/v2\/posts\/185372\/revisions"}],"wp:featuredmedia":[{"embeddable":true,"href":"https:\/\/cdnoticias.com\/index.php\/wp-json\/wp\/v2\/media\/185374"}],"wp:attachment":[{"href":"https:\/\/cdnoticias.com\/index.php\/wp-json\/wp\/v2\/media?parent=185372"}],"wp:term":[{"taxonomy":"category","embeddable":true,"href":"https:\/\/cdnoticias.com\/index.php\/wp-json\/wp\/v2\/categories?post=185372"},{"taxonomy":"post_tag","embeddable":true,"href":"https:\/\/cdnoticias.com\/index.php\/wp-json\/wp\/v2\/tags?post=185372"}],"curies":[{"name":"wp","href":"https:\/\/api.w.org\/{rel}","templated":true}]}}