{"id":185360,"date":"2025-10-17T10:31:39","date_gmt":"2025-10-17T13:31:39","guid":{"rendered":"https:\/\/cdnoticias.com\/?p=185360"},"modified":"2025-10-17T10:31:40","modified_gmt":"2025-10-17T13:31:40","slug":"espigas-celebra-su-115-aniversario-con-musica-baile-y-actividades-para-la-comunidad","status":"publish","type":"post","link":"https:\/\/cdnoticias.com\/index.php\/2025\/10\/17\/espigas-celebra-su-115-aniversario-con-musica-baile-y-actividades-para-la-comunidad\/","title":{"rendered":"Espigas celebra su 115\u00b0 aniversario con m\u00fasica, baile y actividades para la comunidad"},"content":{"rendered":"\n<p>Ser\u00e1 este domingo 19 de octubre con un extenso programa que terminar\u00e1 con un baile popular con Daniel Lezica y Dulce Morena.<\/p>\n\n\n\n<hr class=\"wp-block-separator has-alpha-channel-opacity\"\/>\n\n\n\n<p>El Municipio de Olavarr\u00eda invit\u00f3 a toda la comunidad del Partido a participar de los festejos por el <strong>115\u00b0 aniversario de Espigas<\/strong>, que se realizar\u00e1n el <strong>domingo 19 de octubre. <\/strong>Las actividades, <strong>reprogramadas debido a las condiciones clim\u00e1ticas adversa<\/strong>s, se desarrollar\u00e1n durante toda la jornada con <strong>propuestas culturales, religiosas y recreativas.<\/strong><\/p>\n\n\n\n<p><\/p>\n\n\n\n<p>La celebraci\u00f3n comenzar\u00e1 a las 10 horas con la <strong>Misa en la Parroquia Santo Domingo de Guzm\u00e1n<\/strong>. Luego, a las 11, tendr\u00e1 lugar el <strong>acto protocolar en la Plaza San Mart\u00edn,<\/strong> con la participaci\u00f3n de autoridades municipales.<\/p>\n\n\n\n<p><\/p>\n\n\n\n<p>Desde las 15 horas, en el play\u00f3n del club, se presentar\u00e1n <strong>pe\u00f1as folcl\u00f3ricas locales e invitadas <\/strong>\u2014entre ellas Espigas Baila Folclore\u2014 junto a los artistas <strong>Yanina Dotzel y Herederos.<\/strong> A las 17 horas se realizar\u00e1 el tradicional<strong> corte de tortas, seguido por el show de Alma Blanca.<\/strong><\/p>\n\n\n\n<p><\/p>\n\n\n\n<p>El cierre de la jornada ser\u00e1 a partir de las 20 horas, con el esperado<strong> baile popular en el interior del club, que contar\u00e1 con las presentaciones de Dulce Morena y Daniel Lezica.<\/strong><\/p>\n\n\n\n<p><\/p>\n\n\n\n<figure class=\"wp-block-image size-full is-resized\"><img data-recalc-dims=\"1\" loading=\"lazy\" decoding=\"async\" width=\"800\" height=\"1000\" src=\"https:\/\/i0.wp.com\/cdnoticias.com\/wp-content\/uploads\/2025\/10\/115o-Aniversario-de-Espigas-2-819x1024-1.jpeg?resize=800%2C1000&#038;ssl=1\" alt=\"\" class=\"wp-image-185361\" style=\"width:659px;height:auto\" srcset=\"https:\/\/i0.wp.com\/cdnoticias.com\/wp-content\/uploads\/2025\/10\/115o-Aniversario-de-Espigas-2-819x1024-1.jpeg?w=819&amp;ssl=1 819w, https:\/\/i0.wp.com\/cdnoticias.com\/wp-content\/uploads\/2025\/10\/115o-Aniversario-de-Espigas-2-819x1024-1.jpeg?resize=240%2C300&amp;ssl=1 240w, https:\/\/i0.wp.com\/cdnoticias.com\/wp-content\/uploads\/2025\/10\/115o-Aniversario-de-Espigas-2-819x1024-1.jpeg?resize=768%2C960&amp;ssl=1 768w\" sizes=\"auto, (max-width: 800px) 100vw, 800px\" \/><\/figure>\n","protected":false},"excerpt":{"rendered":"<p>Ser\u00e1 este domingo 19 de octubre con un extenso programa que terminar\u00e1 con un baile popular con Daniel Lezica y<\/p>\n","protected":false},"author":5,"featured_media":123663,"comment_status":"closed","ping_status":"closed","sticky":false,"template":"","format":"standard","meta":{"_jetpack_memberships_contains_paid_content":false,"footnotes":""},"categories":[9,1],"tags":[],"class_list":["post-185360","post","type-post","status-publish","format-standard","has-post-thumbnail","hentry","category-cultura","category-portada"],"jetpack_featured_media_url":"https:\/\/i0.wp.com\/cdnoticias.com\/wp-content\/uploads\/2024\/08\/Espigas-3-1024x768-1.jpeg?fit=800%2C445&ssl=1","jetpack_sharing_enabled":true,"_links":{"self":[{"href":"https:\/\/cdnoticias.com\/index.php\/wp-json\/wp\/v2\/posts\/185360","targetHints":{"allow":["GET"]}}],"collection":[{"href":"https:\/\/cdnoticias.com\/index.php\/wp-json\/wp\/v2\/posts"}],"about":[{"href":"https:\/\/cdnoticias.com\/index.php\/wp-json\/wp\/v2\/types\/post"}],"author":[{"embeddable":true,"href":"https:\/\/cdnoticias.com\/index.php\/wp-json\/wp\/v2\/users\/5"}],"replies":[{"embeddable":true,"href":"https:\/\/cdnoticias.com\/index.php\/wp-json\/wp\/v2\/comments?post=185360"}],"version-history":[{"count":0,"href":"https:\/\/cdnoticias.com\/index.php\/wp-json\/wp\/v2\/posts\/185360\/revisions"}],"wp:featuredmedia":[{"embeddable":true,"href":"https:\/\/cdnoticias.com\/index.php\/wp-json\/wp\/v2\/media\/123663"}],"wp:attachment":[{"href":"https:\/\/cdnoticias.com\/index.php\/wp-json\/wp\/v2\/media?parent=185360"}],"wp:term":[{"taxonomy":"category","embeddable":true,"href":"https:\/\/cdnoticias.com\/index.php\/wp-json\/wp\/v2\/categories?post=185360"},{"taxonomy":"post_tag","embeddable":true,"href":"https:\/\/cdnoticias.com\/index.php\/wp-json\/wp\/v2\/tags?post=185360"}],"curies":[{"name":"wp","href":"https:\/\/api.w.org\/{rel}","templated":true}]}}