{"id":185339,"date":"2025-10-16T09:57:19","date_gmt":"2025-10-16T12:57:19","guid":{"rendered":"https:\/\/cdnoticias.com\/?p=185339"},"modified":"2025-10-16T09:57:21","modified_gmt":"2025-10-16T12:57:21","slug":"legislativas-2025-margarita-stolbizer-visitara-olavarria","status":"publish","type":"post","link":"https:\/\/cdnoticias.com\/index.php\/2025\/10\/16\/legislativas-2025-margarita-stolbizer-visitara-olavarria\/","title":{"rendered":"Legislativas 2025: Margarita Stolbizer visitar\u00e1 Olavarr\u00eda"},"content":{"rendered":"<p>La diputada nacional y candidata a la reelecci\u00f3n llegar\u00e1 a la ciudad este viernes.<!--more--><\/p>\n<hr \/>\n<p><strong>Este viernes llegar\u00e1 a Olavarr\u00eda<\/strong> la <strong>candidata a diputada nacional<\/strong> de<strong> Provincias Unidas<\/strong>, <strong>Margarita Stolbizer.<\/strong><\/p>\n<p>Actualmente es diputada nacional en el bloque Encuentro Federal y su mandato vencer\u00e1 en diciembre, con lo que <strong>en esta campa\u00f1a electoral busca la reelecci\u00f3n<\/strong> en su banca.<\/p>\n<p>En la<strong> lista de Provincias Unidas, Stolbizer ocupa el segundo lugar<\/strong>. Encabeza<strong> Florencio Randazzo<\/strong> y en tercer lugar est\u00e1 <strong>Emilio Monz\u00f3<\/strong>.<\/p>\n<blockquote><p>Stolbizer se reunir\u00e1 en la ciudad con referentes de su espacio partidario, GEN, y por la tarde brindar\u00e1 una conferencia de prensa en un local de Avellaneda y Moya.<\/p><\/blockquote>\n","protected":false},"excerpt":{"rendered":"<p>La diputada nacional y candidata a la reelecci\u00f3n llegar\u00e1 a la ciudad este viernes.<\/p>\n","protected":false},"author":4,"featured_media":185340,"comment_status":"closed","ping_status":"closed","sticky":false,"template":"","format":"standard","meta":{"_jetpack_memberships_contains_paid_content":false,"footnotes":""},"categories":[4,1],"tags":[],"class_list":["post-185339","post","type-post","status-publish","format-standard","has-post-thumbnail","hentry","category-politica","category-portada"],"jetpack_featured_media_url":"https:\/\/i0.wp.com\/cdnoticias.com\/wp-content\/uploads\/2025\/10\/margarita-stolbizer.jpg?fit=1000%2C556&ssl=1","jetpack_sharing_enabled":true,"_links":{"self":[{"href":"https:\/\/cdnoticias.com\/index.php\/wp-json\/wp\/v2\/posts\/185339","targetHints":{"allow":["GET"]}}],"collection":[{"href":"https:\/\/cdnoticias.com\/index.php\/wp-json\/wp\/v2\/posts"}],"about":[{"href":"https:\/\/cdnoticias.com\/index.php\/wp-json\/wp\/v2\/types\/post"}],"author":[{"embeddable":true,"href":"https:\/\/cdnoticias.com\/index.php\/wp-json\/wp\/v2\/users\/4"}],"replies":[{"embeddable":true,"href":"https:\/\/cdnoticias.com\/index.php\/wp-json\/wp\/v2\/comments?post=185339"}],"version-history":[{"count":0,"href":"https:\/\/cdnoticias.com\/index.php\/wp-json\/wp\/v2\/posts\/185339\/revisions"}],"wp:featuredmedia":[{"embeddable":true,"href":"https:\/\/cdnoticias.com\/index.php\/wp-json\/wp\/v2\/media\/185340"}],"wp:attachment":[{"href":"https:\/\/cdnoticias.com\/index.php\/wp-json\/wp\/v2\/media?parent=185339"}],"wp:term":[{"taxonomy":"category","embeddable":true,"href":"https:\/\/cdnoticias.com\/index.php\/wp-json\/wp\/v2\/categories?post=185339"},{"taxonomy":"post_tag","embeddable":true,"href":"https:\/\/cdnoticias.com\/index.php\/wp-json\/wp\/v2\/tags?post=185339"}],"curies":[{"name":"wp","href":"https:\/\/api.w.org\/{rel}","templated":true}]}}