{"id":185332,"date":"2025-10-16T09:40:20","date_gmt":"2025-10-16T12:40:20","guid":{"rendered":"https:\/\/cdnoticias.com\/?p=185332"},"modified":"2025-10-16T12:57:30","modified_gmt":"2025-10-16T15:57:30","slug":"un-temporal-afecto-la-madrid-este-miercoles","status":"publish","type":"post","link":"https:\/\/cdnoticias.com\/index.php\/2025\/10\/16\/un-temporal-afecto-la-madrid-este-miercoles\/","title":{"rendered":"Un temporal afect\u00f3 La Madrid este mi\u00e9rcoles"},"content":{"rendered":"<p>En la localidad los Bomberos Voluntarios atendieron voladuras de techos y ca\u00edda de \u00e1rboles. La luz estuvo cortada. La cancha de Ingeniero Jorge Newbery, uno de los puntos con m\u00e1s da\u00f1os.<!--more--><\/p>\n<hr \/>\n<p>Este mi\u00e9rcoles <strong>un temporal afect\u00f3 al distrito vecino de General La Madrid<\/strong>. Provoc\u00f3 varias emergencias que fueron atendidas por los <strong>Bomberos Voluntarios<\/strong>. Se destac\u00f3 que <strong>la cancha de Ingeniero Jorge Newbery<\/strong> fue uno de los puntos con m\u00e1s da\u00f1os.<\/p>\n<p>Seg\u00fan se indic\u00f3 desde la localidad, <strong>el temporal azot\u00f3 la planta urbana y provoc\u00f3 numerosos da\u00f1os materiales<\/strong>. Cabe recordar que se hab\u00eda emitido un<a href=\"https:\/\/cdnoticias.com\/index.php\/2025\/10\/15\/aviso-meteorologico-a-corto-plazo-por-tormentas-fuertes-para-olavarria\/\" target=\"_blank\" rel=\"noopener\"> alerta a corto plazo debido a la tormenta que tambi\u00e9n afect\u00f3 a Olavarr\u00eda<\/a> en la noche del mi\u00e9rcoles.<\/p>\n<blockquote><p>En La Madrid la violencia del viento, la lluvia y el granizo ca\u00eddo originaron voladuras de techos y ca\u00edda de \u00e1rboles. Adem\u00e1s, se cort\u00f3 el suministro de energ\u00eda el\u00e9ctrica en un amplio sector de la ciudad.<\/p><\/blockquote>\n<p><img data-recalc-dims=\"1\" loading=\"lazy\" decoding=\"async\" class=\"alignnone size-full wp-image-185333 aligncenter\" src=\"https:\/\/i0.wp.com\/cdnoticias.com\/wp-content\/uploads\/2025\/10\/la-madrid-temporal-16-de-octubre-2025-b.jpg?resize=800%2C445&#038;ssl=1\" alt=\"\" width=\"800\" height=\"445\" srcset=\"https:\/\/i0.wp.com\/cdnoticias.com\/wp-content\/uploads\/2025\/10\/la-madrid-temporal-16-de-octubre-2025-b.jpg?w=1000&amp;ssl=1 1000w, https:\/\/i0.wp.com\/cdnoticias.com\/wp-content\/uploads\/2025\/10\/la-madrid-temporal-16-de-octubre-2025-b.jpg?resize=300%2C167&amp;ssl=1 300w, https:\/\/i0.wp.com\/cdnoticias.com\/wp-content\/uploads\/2025\/10\/la-madrid-temporal-16-de-octubre-2025-b.jpg?resize=768%2C427&amp;ssl=1 768w, https:\/\/i0.wp.com\/cdnoticias.com\/wp-content\/uploads\/2025\/10\/la-madrid-temporal-16-de-octubre-2025-b.jpg?resize=800%2C445&amp;ssl=1 800w\" sizes=\"auto, (max-width: 800px) 100vw, 800px\" \/><\/p>\n<p><img data-recalc-dims=\"1\" loading=\"lazy\" decoding=\"async\" class=\"alignnone size-full wp-image-185337 aligncenter\" src=\"https:\/\/i0.wp.com\/cdnoticias.com\/wp-content\/uploads\/2025\/10\/la-madrid-temporal-16-de-octubre-2025-c.jpg?resize=800%2C445&#038;ssl=1\" alt=\"\" width=\"800\" height=\"445\" srcset=\"https:\/\/i0.wp.com\/cdnoticias.com\/wp-content\/uploads\/2025\/10\/la-madrid-temporal-16-de-octubre-2025-c.jpg?w=1000&amp;ssl=1 1000w, https:\/\/i0.wp.com\/cdnoticias.com\/wp-content\/uploads\/2025\/10\/la-madrid-temporal-16-de-octubre-2025-c.jpg?resize=300%2C167&amp;ssl=1 300w, https:\/\/i0.wp.com\/cdnoticias.com\/wp-content\/uploads\/2025\/10\/la-madrid-temporal-16-de-octubre-2025-c.jpg?resize=768%2C427&amp;ssl=1 768w, https:\/\/i0.wp.com\/cdnoticias.com\/wp-content\/uploads\/2025\/10\/la-madrid-temporal-16-de-octubre-2025-c.jpg?resize=800%2C445&amp;ssl=1 800w\" sizes=\"auto, (max-width: 800px) 100vw, 800px\" \/><\/p>\n<blockquote><p>Uno de los lugares m\u00e1s afectados fue la cancha de Ingeniero Jorge Newbery donde el viento tir\u00f3 varios gajos de los \u00e1rboles y uno de ellos cay\u00f3 sobre el techo del vestuario.<\/p><\/blockquote>\n<p>El <strong>informe emitido por los bomberos Voluntarios<\/strong> de aquella ciudad consign\u00f3 que se debieron realizar salidas <strong>pasadas las 19:00 horas<\/strong>.<\/p>\n<p><strong>Mas de una veintena de servidores p\u00fablicos<\/strong> a cargo del Jefe del Cuerpo Daniel Rodr\u00edguez, utilizando las <strong>unidades 2, 4, 10, 12, 14 y 18<\/strong> prestaron servicios en <strong>voladuras de techo, cables, ca\u00eddas de postes de luz y tel\u00e9fono, de plantas y ramas, y auxilios a veh\u00edculos<\/strong>.<\/p>\n<p>Las tareas se extendieron <strong>hasta pasadas las 22:30 horas<\/strong> para los voluntarios.<\/p>\n<p>Fuente y fotos: <em>Ahoralm<\/em><\/p>\n<p><img data-recalc-dims=\"1\" loading=\"lazy\" decoding=\"async\" class=\"alignnone size-full wp-image-185336 aligncenter\" src=\"https:\/\/i0.wp.com\/cdnoticias.com\/wp-content\/uploads\/2025\/10\/la-madrid-temporal-16-de-octubre-2025-a-5.jpg?resize=800%2C540&#038;ssl=1\" alt=\"\" width=\"800\" height=\"540\" srcset=\"https:\/\/i0.wp.com\/cdnoticias.com\/wp-content\/uploads\/2025\/10\/la-madrid-temporal-16-de-octubre-2025-a-5.jpg?w=1000&amp;ssl=1 1000w, https:\/\/i0.wp.com\/cdnoticias.com\/wp-content\/uploads\/2025\/10\/la-madrid-temporal-16-de-octubre-2025-a-5.jpg?resize=300%2C203&amp;ssl=1 300w, https:\/\/i0.wp.com\/cdnoticias.com\/wp-content\/uploads\/2025\/10\/la-madrid-temporal-16-de-octubre-2025-a-5.jpg?resize=768%2C518&amp;ssl=1 768w\" sizes=\"auto, (max-width: 800px) 100vw, 800px\" \/><\/p>\n<p><img data-recalc-dims=\"1\" loading=\"lazy\" decoding=\"async\" class=\"alignnone size-full wp-image-185335 aligncenter\" src=\"https:\/\/i0.wp.com\/cdnoticias.com\/wp-content\/uploads\/2025\/10\/la-madrid-temporal-16-de-octubre-2025-a-3.jpg?resize=800%2C445&#038;ssl=1\" alt=\"\" width=\"800\" height=\"445\" srcset=\"https:\/\/i0.wp.com\/cdnoticias.com\/wp-content\/uploads\/2025\/10\/la-madrid-temporal-16-de-octubre-2025-a-3.jpg?w=1000&amp;ssl=1 1000w, https:\/\/i0.wp.com\/cdnoticias.com\/wp-content\/uploads\/2025\/10\/la-madrid-temporal-16-de-octubre-2025-a-3.jpg?resize=300%2C167&amp;ssl=1 300w, https:\/\/i0.wp.com\/cdnoticias.com\/wp-content\/uploads\/2025\/10\/la-madrid-temporal-16-de-octubre-2025-a-3.jpg?resize=768%2C427&amp;ssl=1 768w, https:\/\/i0.wp.com\/cdnoticias.com\/wp-content\/uploads\/2025\/10\/la-madrid-temporal-16-de-octubre-2025-a-3.jpg?resize=800%2C445&amp;ssl=1 800w\" sizes=\"auto, (max-width: 800px) 100vw, 800px\" \/><\/p>\n","protected":false},"excerpt":{"rendered":"<p>En la localidad los Bomberos Voluntarios atendieron voladuras de techos y ca\u00edda de \u00e1rboles. La luz estuvo cortada. La cancha<\/p>\n","protected":false},"author":4,"featured_media":185334,"comment_status":"closed","ping_status":"closed","sticky":false,"template":"","format":"standard","meta":{"_jetpack_memberships_contains_paid_content":false,"footnotes":""},"categories":[6,1],"tags":[],"class_list":["post-185332","post","type-post","status-publish","format-standard","has-post-thumbnail","hentry","category-nacionales","category-portada"],"jetpack_featured_media_url":"https:\/\/i0.wp.com\/cdnoticias.com\/wp-content\/uploads\/2025\/10\/la-madrid-temporal-16-de-octubre-2025-a-1.jpg?fit=1000%2C556&ssl=1","jetpack_sharing_enabled":true,"_links":{"self":[{"href":"https:\/\/cdnoticias.com\/index.php\/wp-json\/wp\/v2\/posts\/185332","targetHints":{"allow":["GET"]}}],"collection":[{"href":"https:\/\/cdnoticias.com\/index.php\/wp-json\/wp\/v2\/posts"}],"about":[{"href":"https:\/\/cdnoticias.com\/index.php\/wp-json\/wp\/v2\/types\/post"}],"author":[{"embeddable":true,"href":"https:\/\/cdnoticias.com\/index.php\/wp-json\/wp\/v2\/users\/4"}],"replies":[{"embeddable":true,"href":"https:\/\/cdnoticias.com\/index.php\/wp-json\/wp\/v2\/comments?post=185332"}],"version-history":[{"count":0,"href":"https:\/\/cdnoticias.com\/index.php\/wp-json\/wp\/v2\/posts\/185332\/revisions"}],"wp:featuredmedia":[{"embeddable":true,"href":"https:\/\/cdnoticias.com\/index.php\/wp-json\/wp\/v2\/media\/185334"}],"wp:attachment":[{"href":"https:\/\/cdnoticias.com\/index.php\/wp-json\/wp\/v2\/media?parent=185332"}],"wp:term":[{"taxonomy":"category","embeddable":true,"href":"https:\/\/cdnoticias.com\/index.php\/wp-json\/wp\/v2\/categories?post=185332"},{"taxonomy":"post_tag","embeddable":true,"href":"https:\/\/cdnoticias.com\/index.php\/wp-json\/wp\/v2\/tags?post=185332"}],"curies":[{"name":"wp","href":"https:\/\/api.w.org\/{rel}","templated":true}]}}