{"id":185317,"date":"2025-10-16T08:18:16","date_gmt":"2025-10-16T11:18:16","guid":{"rendered":"https:\/\/cdnoticias.com\/?p=185317"},"modified":"2025-10-16T08:18:18","modified_gmt":"2025-10-16T11:18:18","slug":"alicia-noemi-guerras-q-e-p-d","status":"publish","type":"post","link":"https:\/\/cdnoticias.com\/index.php\/2025\/10\/16\/alicia-noemi-guerras-q-e-p-d\/","title":{"rendered":"Alicia Noem\u00ed Guerras (Q.E.P.D.)"},"content":{"rendered":"<p>Falleci\u00f3 en Olavarr\u00eda el 15 de octubre de 2025 a los 77 a\u00f1os.<\/p>\n<p>Sus hijos Horacio y Eduardo Guerras. Su hija pol\u00edtica Alejandra Ollo. Sus nietas Josefina y Julieta Guerras. Su hermana pol\u00edtica Susana Neder. Sus sobrinos Walter y Marianela Guerras, y dem\u00e1s deudos participan su fallecimiento.<\/p>\n<p>Sus restos fueron inhumados en el Cementerio Loma de Paz el mi\u00e9rcoles 15 de octubre a las 12:30 horas. Servicio adherido a Coopelectric.<\/p>\n<p>Nacida en Guamin\u00ed, vecina de barrio Obrero, jubilada y pensionada (jubilada secretaria de la Liga de F\u00fatbol de Olavarr\u00eda).<\/p>\n","protected":false},"excerpt":{"rendered":"<p>Falleci\u00f3 en Olavarr\u00eda el 15 de octubre de 2025 a los 77 a\u00f1os. Sus hijos Horacio y Eduardo Guerras. Su<\/p>\n","protected":false},"author":4,"featured_media":51544,"comment_status":"closed","ping_status":"closed","sticky":false,"template":"","format":"standard","meta":{"_jetpack_memberships_contains_paid_content":false,"footnotes":""},"categories":[10],"tags":[],"class_list":["post-185317","post","type-post","status-publish","format-standard","has-post-thumbnail","hentry","category-necrologicas"],"jetpack_featured_media_url":"https:\/\/i0.wp.com\/cdnoticias.com\/wp-content\/uploads\/2022\/04\/necrologicas-390-x-240.jpg?fit=390%2C240&ssl=1","jetpack_sharing_enabled":true,"_links":{"self":[{"href":"https:\/\/cdnoticias.com\/index.php\/wp-json\/wp\/v2\/posts\/185317","targetHints":{"allow":["GET"]}}],"collection":[{"href":"https:\/\/cdnoticias.com\/index.php\/wp-json\/wp\/v2\/posts"}],"about":[{"href":"https:\/\/cdnoticias.com\/index.php\/wp-json\/wp\/v2\/types\/post"}],"author":[{"embeddable":true,"href":"https:\/\/cdnoticias.com\/index.php\/wp-json\/wp\/v2\/users\/4"}],"replies":[{"embeddable":true,"href":"https:\/\/cdnoticias.com\/index.php\/wp-json\/wp\/v2\/comments?post=185317"}],"version-history":[{"count":0,"href":"https:\/\/cdnoticias.com\/index.php\/wp-json\/wp\/v2\/posts\/185317\/revisions"}],"wp:featuredmedia":[{"embeddable":true,"href":"https:\/\/cdnoticias.com\/index.php\/wp-json\/wp\/v2\/media\/51544"}],"wp:attachment":[{"href":"https:\/\/cdnoticias.com\/index.php\/wp-json\/wp\/v2\/media?parent=185317"}],"wp:term":[{"taxonomy":"category","embeddable":true,"href":"https:\/\/cdnoticias.com\/index.php\/wp-json\/wp\/v2\/categories?post=185317"},{"taxonomy":"post_tag","embeddable":true,"href":"https:\/\/cdnoticias.com\/index.php\/wp-json\/wp\/v2\/tags?post=185317"}],"curies":[{"name":"wp","href":"https:\/\/api.w.org\/{rel}","templated":true}]}}