{"id":185304,"date":"2025-10-15T19:01:45","date_gmt":"2025-10-15T22:01:45","guid":{"rendered":"https:\/\/cdnoticias.com\/?p=185304"},"modified":"2025-10-15T19:01:47","modified_gmt":"2025-10-15T22:01:47","slug":"asiseteje-teatro-presenta-matambre-en-busca-del-gaucho-perdido-este-jueves-en-sala-cabral","status":"publish","type":"post","link":"https:\/\/cdnoticias.com\/index.php\/2025\/10\/15\/asiseteje-teatro-presenta-matambre-en-busca-del-gaucho-perdido-este-jueves-en-sala-cabral\/","title":{"rendered":"Asiseteje Teatro presenta \u201cMatambre &#8211; En busca del gaucho perdido\u201d este jueves en Sala Cabral"},"content":{"rendered":"\n<p>El espect\u00e1culo dirigido por Pablo Fredes propone una revisita a la figura del gaucho desde una mirada contempor\u00e1nea. La funci\u00f3n ser\u00e1 a las 21, con actuaci\u00f3n de Facundo Pereiro.<\/p>\n\n\n\n<hr class=\"wp-block-separator aligncenter has-alpha-channel-opacity\"\/>\n\n\n\n<p>El grupo <strong>Asiseteje Teatro presentar\u00e1 este jueves 16 de octubre, a las 21 horas, la obra \u201cMatambre &#8211; En busca del gaucho perdido\u201d<\/strong> en Sala Cabral (@sala.cabral).<\/p>\n\n\n\n<p>El espect\u00e1culo, de g\u00e9nero teatral, <strong>est\u00e1 inspirado en las obras de origen gauchesco y propone una relectura contempor\u00e1nea de la figura del gaucho.<\/strong> Su director, Pablo Fredes, se\u00f1al\u00f3 que<em><strong> \u201cla obra es un viaje de cincuenta y dos minutos desde el presente hasta el pasado, en el que Facundo Pereiro, el actor, estira la figura del gaucho al l\u00edmite, tray\u00e9ndonos un renovado aire, un refresco vital de afirmaciones y de dudas; de repente estamos cargados de preguntas\u201d.<\/strong><\/em><\/p>\n\n\n\n<figure class=\"wp-block-image size-large\"><img data-recalc-dims=\"1\" loading=\"lazy\" decoding=\"async\" width=\"800\" height=\"450\" src=\"https:\/\/i0.wp.com\/cdnoticias.com\/wp-content\/uploads\/2025\/10\/matambre1.jpeg?resize=800%2C450&#038;ssl=1\" alt=\"\" class=\"wp-image-185306\" srcset=\"https:\/\/i0.wp.com\/cdnoticias.com\/wp-content\/uploads\/2025\/10\/matambre1.jpeg?resize=1024%2C576&amp;ssl=1 1024w, https:\/\/i0.wp.com\/cdnoticias.com\/wp-content\/uploads\/2025\/10\/matambre1.jpeg?resize=300%2C169&amp;ssl=1 300w, https:\/\/i0.wp.com\/cdnoticias.com\/wp-content\/uploads\/2025\/10\/matambre1.jpeg?resize=768%2C432&amp;ssl=1 768w, https:\/\/i0.wp.com\/cdnoticias.com\/wp-content\/uploads\/2025\/10\/matambre1.jpeg?w=1280&amp;ssl=1 1280w\" sizes=\"auto, (max-width: 800px) 100vw, 800px\" \/><\/figure>\n\n\n\n<p>El elenco est\u00e1 integrado por <strong>Facundo Pereiro, quien tambi\u00e9n participa en la escritura de los textos junto a Fredes. La escenograf\u00eda e iluminaci\u00f3n est\u00e1n a cargo de Maiky Hatrick, y el vestuario, de Paola Albretch.<\/strong><\/p>\n\n\n\n<blockquote class=\"wp-block-quote is-layout-flow wp-block-quote-is-layout-flow\">\n<p>\u201cMatambre\u201d se estren\u00f3 en mayo de este a\u00f1o y ha recorrido diversas salas y espacios culturales, con presentaciones en La Plata, Jeppener, Tapalqu\u00e9 y, recientemente, en el Festival Luz de Sala en el Teatro LAM de Saladillo.<\/p>\n<\/blockquote>\n\n\n\n<p><strong>Las entradas se encuentran a la venta con reserva previa, a un valor de $10.000<\/strong>. Para reservas, comunicarse por WhatsApp al 02284-619066. Tras la funci\u00f3n, el p\u00fablico podr\u00e1 disfrutar del servicio de cantina.<\/p>\n\n\n\n<p>Contacto: 2284-657619<\/p>\n","protected":false},"excerpt":{"rendered":"<p>El espect\u00e1culo dirigido por Pablo Fredes propone una revisita a la figura del gaucho desde una mirada contempor\u00e1nea. La funci\u00f3n<\/p>\n","protected":false},"author":2,"featured_media":185305,"comment_status":"closed","ping_status":"closed","sticky":false,"template":"","format":"standard","meta":{"_jetpack_memberships_contains_paid_content":false,"footnotes":""},"categories":[9,1],"tags":[],"class_list":["post-185304","post","type-post","status-publish","format-standard","has-post-thumbnail","hentry","category-cultura","category-portada"],"jetpack_featured_media_url":"https:\/\/i0.wp.com\/cdnoticias.com\/wp-content\/uploads\/2025\/10\/matambre.jpeg?fit=1280%2C720&ssl=1","jetpack_sharing_enabled":true,"_links":{"self":[{"href":"https:\/\/cdnoticias.com\/index.php\/wp-json\/wp\/v2\/posts\/185304","targetHints":{"allow":["GET"]}}],"collection":[{"href":"https:\/\/cdnoticias.com\/index.php\/wp-json\/wp\/v2\/posts"}],"about":[{"href":"https:\/\/cdnoticias.com\/index.php\/wp-json\/wp\/v2\/types\/post"}],"author":[{"embeddable":true,"href":"https:\/\/cdnoticias.com\/index.php\/wp-json\/wp\/v2\/users\/2"}],"replies":[{"embeddable":true,"href":"https:\/\/cdnoticias.com\/index.php\/wp-json\/wp\/v2\/comments?post=185304"}],"version-history":[{"count":0,"href":"https:\/\/cdnoticias.com\/index.php\/wp-json\/wp\/v2\/posts\/185304\/revisions"}],"wp:featuredmedia":[{"embeddable":true,"href":"https:\/\/cdnoticias.com\/index.php\/wp-json\/wp\/v2\/media\/185305"}],"wp:attachment":[{"href":"https:\/\/cdnoticias.com\/index.php\/wp-json\/wp\/v2\/media?parent=185304"}],"wp:term":[{"taxonomy":"category","embeddable":true,"href":"https:\/\/cdnoticias.com\/index.php\/wp-json\/wp\/v2\/categories?post=185304"},{"taxonomy":"post_tag","embeddable":true,"href":"https:\/\/cdnoticias.com\/index.php\/wp-json\/wp\/v2\/tags?post=185304"}],"curies":[{"name":"wp","href":"https:\/\/api.w.org\/{rel}","templated":true}]}}