{"id":185276,"date":"2025-10-15T17:00:11","date_gmt":"2025-10-15T20:00:11","guid":{"rendered":"https:\/\/cdnoticias.com\/?p=185276"},"modified":"2025-10-15T17:00:16","modified_gmt":"2025-10-15T20:00:16","slug":"wesner-participo-de-una-nueva-jornada-de-barrio-por-barrio","status":"publish","type":"post","link":"https:\/\/cdnoticias.com\/index.php\/2025\/10\/15\/wesner-participo-de-una-nueva-jornada-de-barrio-por-barrio\/","title":{"rendered":"Wesner particip\u00f3 de una nueva jornada de \u201cBarrio por Barrio\u201d"},"content":{"rendered":"\n<p>Durante la recorrida&nbsp; junto al secretario y subsecretario de Obras, Infraestructura y Servicios P\u00fablicos del Municipio Orfel Fari\u00f1a y Carlos Bettiga, supervisaron el avance de obra de la primera etapa de pavimentaci\u00f3n del barrio Carlos Pellegrini.<\/p>\n\n\n\n<hr class=\"wp-block-separator aligncenter has-alpha-channel-opacity\"\/>\n\n\n\n<p>Este mi\u00e9rcoles se desarroll\u00f3 una nueva edici\u00f3n del <strong>Programa Municipal \u201cBarrio por Barrio<\/strong>\u201d que comprendi\u00f3 los <strong>barrios Carlos Pellegrini y Pauwlonia,<\/strong> donde se despleg\u00f3 un amplio operativo de abordaje territorial integral.<\/p>\n\n\n\n<p><\/p>\n\n\n\n<p>La jornada cont\u00f3 con la participaci\u00f3n del <strong>intendente Maximiliano Wesner<\/strong> y la jefa de Gabinete<strong> Mercedes Land\u00edvar,<\/strong> quienes junto a dem\u00e1s integrantes del gabinete municipal, recorrieron distintos sectores y dialogaron con vecinos y vecinas del sector para conocer sus principales inquietudes y necesidades.<\/p>\n\n\n\n<p><\/p>\n\n\n\n<blockquote class=\"wp-block-quote is-layout-flow wp-block-quote-is-layout-flow\">\n<p>Durante la recorrida Maximiliano Wesner, junto al secretario y subsecretario de Obras, Infraestructura y Servicios P\u00fablicos del Municipio Orfel Fari\u00f1a y Carlos Bettiga, supervisaron el avance de obra de la primera etapa de pavimentaci\u00f3n del barrio Carlos Pellegrini.<\/p>\n<\/blockquote>\n\n\n\n<p><\/p>\n\n\n\n<p>El punto de encuentro del \u201cBarrio x Barrio\u201d fue en Juan XXIII e lslas Malvinas, y all\u00ed como ocurre habitualmente <strong>se instalaron los puestos de atenci\u00f3n <\/strong>de las distintas \u00e1reas municipales.\u00a0<\/p>\n\n\n\n<p><\/p>\n\n\n\n<figure class=\"wp-block-image aligncenter size-full\"><img data-recalc-dims=\"1\" loading=\"lazy\" decoding=\"async\" width=\"800\" height=\"567\" src=\"https:\/\/i0.wp.com\/cdnoticias.com\/wp-content\/uploads\/2025\/10\/barrioporbarrio3.jpg?resize=800%2C567&#038;ssl=1\" alt=\"\" class=\"wp-image-185278\" srcset=\"https:\/\/i0.wp.com\/cdnoticias.com\/wp-content\/uploads\/2025\/10\/barrioporbarrio3.jpg?w=882&amp;ssl=1 882w, https:\/\/i0.wp.com\/cdnoticias.com\/wp-content\/uploads\/2025\/10\/barrioporbarrio3.jpg?resize=300%2C213&amp;ssl=1 300w, https:\/\/i0.wp.com\/cdnoticias.com\/wp-content\/uploads\/2025\/10\/barrioporbarrio3.jpg?resize=768%2C544&amp;ssl=1 768w\" sizes=\"auto, (max-width: 800px) 100vw, 800px\" \/><\/figure>\n\n\n\n<p><\/p>\n\n\n\n<blockquote class=\"wp-block-quote is-layout-flow wp-block-quote-is-layout-flow\">\n<p>Estuvieron presentes los servicios de asesoramiento m\u00e9dico y puesto de vacunaci\u00f3n, vacunaci\u00f3n canina y felina, y atenci\u00f3n de las oficinas de Defensa del Consumidor, Relaciones Vecinales, Casa de Tierras y Regularizaci\u00f3n Dominial, Desarrollo Social, Mujeres, G\u00e9neros y Diversidades y Empleo.<\/p>\n<\/blockquote>\n\n\n\n<p><\/p>\n\n\n\n<p>Tambi\u00e9n entre los tr\u00e1mites, se encuentra las opciones de validaci\u00f3n de identidad app Mi Argentina, SUBE, asesoramiento e inscripci\u00f3n a los programas M\u00e1s Vida y PAAC (personas con celiaqu\u00eda), Maternales, Centros de D\u00eda, Envi\u00f3n y Callejeadas.<\/p>\n\n\n\n<p><\/p>\n\n\n\n<p>En paralelo, se despleg\u00f3 el<strong> habitual dispositivo puerta a puerta<\/strong> donde se realiza un relevamiento de las problem\u00e1ticas de la comunidad, que luego son remitidas a las \u00e1reas municipales correspondientes para su intervenci\u00f3n. Tambi\u00e9n en el marco de esta recorrida, se brinda informaci\u00f3n de inter\u00e9s, v\u00edas de comunicaci\u00f3n, entre otros.<\/p>\n\n\n\n<p><\/p>\n\n\n\n<p>Por su parte, distintos equipos de trabajo llevaron adelante tareas de materia de limpieza, como as\u00ed tambi\u00e9n mantenimiento de espacios p\u00fablicos. Asimismo, en el marco de la jornada se trabaj\u00f3 de manera simult\u00e1nea y complementaria con personal de empresas que brindan servicios para el Municipio, como <strong>Coopelectric y Transportes Malvinas,<\/strong> para una respuesta integral.<\/p>\n\n\n\n<p><\/p>\n\n\n\n<figure class=\"wp-block-image aligncenter size-full\"><img data-recalc-dims=\"1\" loading=\"lazy\" decoding=\"async\" width=\"800\" height=\"532\" src=\"https:\/\/i0.wp.com\/cdnoticias.com\/wp-content\/uploads\/2025\/10\/barrioporbarrio1.jpg?resize=800%2C532&#038;ssl=1\" alt=\"\" class=\"wp-image-185280\" srcset=\"https:\/\/i0.wp.com\/cdnoticias.com\/wp-content\/uploads\/2025\/10\/barrioporbarrio1.jpg?w=900&amp;ssl=1 900w, https:\/\/i0.wp.com\/cdnoticias.com\/wp-content\/uploads\/2025\/10\/barrioporbarrio1.jpg?resize=300%2C200&amp;ssl=1 300w, https:\/\/i0.wp.com\/cdnoticias.com\/wp-content\/uploads\/2025\/10\/barrioporbarrio1.jpg?resize=768%2C511&amp;ssl=1 768w, https:\/\/i0.wp.com\/cdnoticias.com\/wp-content\/uploads\/2025\/10\/barrioporbarrio1.jpg?resize=272%2C182&amp;ssl=1 272w\" sizes=\"auto, (max-width: 800px) 100vw, 800px\" \/><\/figure>\n\n\n\n<p><\/p>\n\n\n\n<p>Este tipo de acciones territoriales plantean un abordaje integral, para lo cual se dispone de la participaci\u00f3n del intendente y los funcionarios del gabinete, junto con personal de las distintas \u00e1reas de gesti\u00f3n municipal: Salud, Educaci\u00f3n, Protecci\u00f3n Ciudadana, Obras P\u00fablicas, Desarrollo de la Comunidad, Defensa al Consumidor, Asuntos Legales, entre otras \u00e1reas.<\/p>\n","protected":false},"excerpt":{"rendered":"<p>Durante la recorrida&nbsp; junto al secretario y subsecretario de Obras, Infraestructura y Servicios P\u00fablicos del Municipio Orfel Fari\u00f1a y Carlos<\/p>\n","protected":false},"author":6,"featured_media":185279,"comment_status":"closed","ping_status":"closed","sticky":false,"template":"","format":"standard","meta":{"_jetpack_memberships_contains_paid_content":false,"footnotes":""},"categories":[5,1],"tags":[],"class_list":["post-185276","post","type-post","status-publish","format-standard","has-post-thumbnail","hentry","category-informacion-general","category-portada"],"jetpack_featured_media_url":"https:\/\/i0.wp.com\/cdnoticias.com\/wp-content\/uploads\/2025\/10\/barrioporbarrio2.jpg?fit=892%2C554&ssl=1","jetpack_sharing_enabled":true,"_links":{"self":[{"href":"https:\/\/cdnoticias.com\/index.php\/wp-json\/wp\/v2\/posts\/185276","targetHints":{"allow":["GET"]}}],"collection":[{"href":"https:\/\/cdnoticias.com\/index.php\/wp-json\/wp\/v2\/posts"}],"about":[{"href":"https:\/\/cdnoticias.com\/index.php\/wp-json\/wp\/v2\/types\/post"}],"author":[{"embeddable":true,"href":"https:\/\/cdnoticias.com\/index.php\/wp-json\/wp\/v2\/users\/6"}],"replies":[{"embeddable":true,"href":"https:\/\/cdnoticias.com\/index.php\/wp-json\/wp\/v2\/comments?post=185276"}],"version-history":[{"count":0,"href":"https:\/\/cdnoticias.com\/index.php\/wp-json\/wp\/v2\/posts\/185276\/revisions"}],"wp:featuredmedia":[{"embeddable":true,"href":"https:\/\/cdnoticias.com\/index.php\/wp-json\/wp\/v2\/media\/185279"}],"wp:attachment":[{"href":"https:\/\/cdnoticias.com\/index.php\/wp-json\/wp\/v2\/media?parent=185276"}],"wp:term":[{"taxonomy":"category","embeddable":true,"href":"https:\/\/cdnoticias.com\/index.php\/wp-json\/wp\/v2\/categories?post=185276"},{"taxonomy":"post_tag","embeddable":true,"href":"https:\/\/cdnoticias.com\/index.php\/wp-json\/wp\/v2\/tags?post=185276"}],"curies":[{"name":"wp","href":"https:\/\/api.w.org\/{rel}","templated":true}]}}