{"id":185254,"date":"2025-10-15T15:09:54","date_gmt":"2025-10-15T18:09:54","guid":{"rendered":"https:\/\/cdnoticias.com\/?p=185254"},"modified":"2025-10-15T18:46:41","modified_gmt":"2025-10-15T21:46:41","slug":"recuperan-una-moto-que-habia-sido-robada-dias-atras","status":"publish","type":"post","link":"https:\/\/cdnoticias.com\/index.php\/2025\/10\/15\/recuperan-una-moto-que-habia-sido-robada-dias-atras\/","title":{"rendered":"Recuperan una moto que hab\u00eda sido robada d\u00edas atr\u00e1s"},"content":{"rendered":"\n<p>Un hombre de 27 a\u00f1os qued\u00f3 imputado por el hecho. La causa est\u00e1 caratulada como \u201churto\u201d a cargo de la UFI N\u00b0 10.<\/p>\n\n\n\n<hr class=\"wp-block-separator has-alpha-channel-opacity\"\/>\n\n\n\n<p>Una motocicleta <strong>Honda Falcon 400 cc <\/strong>que hab\u00eda sido robada<strong> fue recuperada por personal policial en una vivienda ubicada en la zona de calle 11 al 3400.<\/strong><\/p>\n\n\n\n<p><\/p>\n\n\n\n<p>Seg\u00fan se inform\u00f3, <strong>el hurto ocurri\u00f3 el 11 de octubre<\/strong>, cuando autores ignorados ingresaron a un domicilio de avenida Del Valle al 5800 y sustrajeron el rodado que se encontraba en la cochera.<\/p>\n\n\n\n<p><\/p>\n\n\n\n<p>A partir de la investigaci\u00f3n llevada adelante por el Gabinete T\u00e9cnico Operativo, <strong>se logr\u00f3 identificar al presunto responsable, un hombre de 27 a\u00f1os, <\/strong>y ubicar el domicilio donde estaba la motocicleta.<\/p>\n\n\n\n<p><\/p>\n\n\n\n<p>En el lugar, el personal actuante concret\u00f3 el procedimiento que permiti\u00f3 recuperar el veh\u00edculo.<\/p>\n\n\n\n<p><\/p>\n\n\n\n<p>La <strong>causa fue caratulada como \u201churto\u201d<\/strong> conforme al art\u00edculo 162 del C\u00f3digo Penal, con intervenci\u00f3n de la Unidad Fiscal de Investigaci\u00f3n N\u00ba 10, a cargo de la Dra. Viceconte.<\/p>\n\n\n\n<p><\/p>\n","protected":false},"excerpt":{"rendered":"<p>Un hombre de 27 a\u00f1os qued\u00f3 imputado por el hecho. La causa est\u00e1 caratulada como \u201churto\u201d a cargo de la<\/p>\n","protected":false},"author":5,"featured_media":185255,"comment_status":"closed","ping_status":"closed","sticky":false,"template":"","format":"standard","meta":{"_jetpack_memberships_contains_paid_content":false,"footnotes":""},"categories":[14,1],"tags":[],"class_list":["post-185254","post","type-post","status-publish","format-standard","has-post-thumbnail","hentry","category-policiales","category-portada"],"jetpack_featured_media_url":"https:\/\/i0.wp.com\/cdnoticias.com\/wp-content\/uploads\/2025\/10\/WhatsApp-Image-2025-10-15-at-11.49.56-AM.jpeg?fit=1032%2C581&ssl=1","jetpack_sharing_enabled":true,"_links":{"self":[{"href":"https:\/\/cdnoticias.com\/index.php\/wp-json\/wp\/v2\/posts\/185254","targetHints":{"allow":["GET"]}}],"collection":[{"href":"https:\/\/cdnoticias.com\/index.php\/wp-json\/wp\/v2\/posts"}],"about":[{"href":"https:\/\/cdnoticias.com\/index.php\/wp-json\/wp\/v2\/types\/post"}],"author":[{"embeddable":true,"href":"https:\/\/cdnoticias.com\/index.php\/wp-json\/wp\/v2\/users\/5"}],"replies":[{"embeddable":true,"href":"https:\/\/cdnoticias.com\/index.php\/wp-json\/wp\/v2\/comments?post=185254"}],"version-history":[{"count":0,"href":"https:\/\/cdnoticias.com\/index.php\/wp-json\/wp\/v2\/posts\/185254\/revisions"}],"wp:featuredmedia":[{"embeddable":true,"href":"https:\/\/cdnoticias.com\/index.php\/wp-json\/wp\/v2\/media\/185255"}],"wp:attachment":[{"href":"https:\/\/cdnoticias.com\/index.php\/wp-json\/wp\/v2\/media?parent=185254"}],"wp:term":[{"taxonomy":"category","embeddable":true,"href":"https:\/\/cdnoticias.com\/index.php\/wp-json\/wp\/v2\/categories?post=185254"},{"taxonomy":"post_tag","embeddable":true,"href":"https:\/\/cdnoticias.com\/index.php\/wp-json\/wp\/v2\/tags?post=185254"}],"curies":[{"name":"wp","href":"https:\/\/api.w.org\/{rel}","templated":true}]}}