{"id":185240,"date":"2025-10-15T11:06:14","date_gmt":"2025-10-15T14:06:14","guid":{"rendered":"https:\/\/cdnoticias.com\/?p=185240"},"modified":"2025-10-15T13:36:37","modified_gmt":"2025-10-15T16:36:37","slug":"juegos-bonaerenses-2025-olavarria-cerro-el-primer-dia-con-3-medallas","status":"publish","type":"post","link":"https:\/\/cdnoticias.com\/index.php\/2025\/10\/15\/juegos-bonaerenses-2025-olavarria-cerro-el-primer-dia-con-3-medallas\/","title":{"rendered":"Juegos Bonaerenses 2025: Olavarr\u00eda cerr\u00f3 el primer d\u00eda con 3 medallas"},"content":{"rendered":"<p>Con muchos resultados a favor, la delegaci\u00f3n olavarriense debut\u00f3 este martes en distintas disciplinas. Sum\u00f3 con una medalla de oro, una de plata y otra de bronce.<!--more--><\/p>\n<hr \/>\n<p><strong>Este martes comenz\u00f3 la competencia en Mar del Plata<\/strong> donde se disputa la etapa<strong> final de los Juegos Bonaerenses 2025<\/strong>. Varias delegaciones olavarrienses tuvieron su <strong>debut<\/strong>, tanto en <strong>disciplinas deportivas como culturales<\/strong>, con un balance muy positivo que permiti\u00f3 <strong>cerrar el primer d\u00eda de competencia con medalla de oro, plata y bronce.<\/strong><\/p>\n<p>Cada participaci\u00f3n, como as\u00ed tambi\u00e9n traslados y comidas cuenta con la coordinaci\u00f3n de profesores del staff de la <strong>subsecretar\u00eda de Deportes del Municipio de Olavarr\u00eda<\/strong>, quienes viajaron a la ciudad balnearia para seguir de cerca las alternativas y estar a disposici\u00f3n de cada delegaci\u00f3n.<\/p>\n<blockquote><p>Felix Tom\u00e1s Acosta gan\u00f3 el primer puesto en la disciplina nataci\u00f3n +17 estilo mariposa en la categor\u00eda Personas con Discapacidad, lo que le vali\u00f3 la medalla dorada. Por su parte, Santiago Oviedo obtuvo el segundo lugar en Estilo Pecho obteniendo la medalla de plata. Adem\u00e1s, Graciela Paladini y Antonio Groba obtuvieron el tercer puesto y su correspondiente medalla de bronce en Orientaci\u00f3n Intergeneracional.<\/p><\/blockquote>\n<p><img data-recalc-dims=\"1\" loading=\"lazy\" decoding=\"async\" class=\"alignnone size-full wp-image-185242 aligncenter\" src=\"https:\/\/i0.wp.com\/cdnoticias.com\/wp-content\/uploads\/2025\/10\/bonaerenses-2025-medalla-dia-1-b.jpeg?resize=800%2C445&#038;ssl=1\" alt=\"\" width=\"800\" height=\"445\" srcset=\"https:\/\/i0.wp.com\/cdnoticias.com\/wp-content\/uploads\/2025\/10\/bonaerenses-2025-medalla-dia-1-b.jpeg?w=1000&amp;ssl=1 1000w, https:\/\/i0.wp.com\/cdnoticias.com\/wp-content\/uploads\/2025\/10\/bonaerenses-2025-medalla-dia-1-b.jpeg?resize=300%2C167&amp;ssl=1 300w, https:\/\/i0.wp.com\/cdnoticias.com\/wp-content\/uploads\/2025\/10\/bonaerenses-2025-medalla-dia-1-b.jpeg?resize=768%2C427&amp;ssl=1 768w, https:\/\/i0.wp.com\/cdnoticias.com\/wp-content\/uploads\/2025\/10\/bonaerenses-2025-medalla-dia-1-b.jpeg?resize=800%2C445&amp;ssl=1 800w\" sizes=\"auto, (max-width: 800px) 100vw, 800px\" \/><\/p>\n<p>Entre otros resultados, la <strong>sub 14 de B\u00e1squet 3\u00d73<\/strong> venci\u00f3 al combinado de Florentino Ameghino por un abultado 17-3 en el tablero. Un partido que comenz\u00f3 duro para el conjunto olavarriense pero supieron superar con confianza y buen juego.<\/p>\n<p>En un apasionante partido, la<strong> sub 16 masculina de b\u00e1squet<\/strong> cay\u00f3 en un cerrado 41 a 40 frente a Berisso en horas de la tarde.<\/p>\n<p>Las <strong>chicas del Sub 15 de Hockey<\/strong> cayeron 3 a 1 con sus pares de La Plata. Por su parte, la <strong>Sub 15 femenina de b\u00e1squet<\/strong> super\u00f3 45 a 18 al conjunto proveniente de Pilar.<\/p>\n<p><img data-recalc-dims=\"1\" loading=\"lazy\" decoding=\"async\" class=\"alignnone size-full wp-image-185243 aligncenter\" src=\"https:\/\/i0.wp.com\/cdnoticias.com\/wp-content\/uploads\/2025\/10\/bonaerenses-2025-dia-1-c.jpeg?resize=800%2C445&#038;ssl=1\" alt=\"\" width=\"800\" height=\"445\" srcset=\"https:\/\/i0.wp.com\/cdnoticias.com\/wp-content\/uploads\/2025\/10\/bonaerenses-2025-dia-1-c.jpeg?w=1000&amp;ssl=1 1000w, https:\/\/i0.wp.com\/cdnoticias.com\/wp-content\/uploads\/2025\/10\/bonaerenses-2025-dia-1-c.jpeg?resize=300%2C167&amp;ssl=1 300w, https:\/\/i0.wp.com\/cdnoticias.com\/wp-content\/uploads\/2025\/10\/bonaerenses-2025-dia-1-c.jpeg?resize=768%2C427&amp;ssl=1 768w, https:\/\/i0.wp.com\/cdnoticias.com\/wp-content\/uploads\/2025\/10\/bonaerenses-2025-dia-1-c.jpeg?resize=800%2C445&amp;ssl=1 800w\" sizes=\"auto, (max-width: 800px) 100vw, 800px\" \/><\/p>\n<p>El <strong>hockey Sub 18 masculino<\/strong> enfrent\u00f3 a los olavarrienses contra el equipo de Monte Hermoso al cual superaron por 3 tantos contra 1.<\/p>\n<p>En tanto, el <strong>Beach Voley<\/strong> tambi\u00e9n tuvo actividad tanto en <strong>categor\u00edas Sub 14 como Sub 16<\/strong>. Fue resultado negativo para los primeros que se vieron superados por dos sets corridos ante La Plata, mientras que los segundos superaron a Benito Ju\u00e1rez por 2 sets a nada.<\/p>\n<p>En <strong>voley<\/strong>, el conjunto femenino de la<strong> categor\u00eda Sub 17<\/strong> sufri\u00f3 una apretada derrota en 2 sets a 1 contra Bah\u00eda Blanca. Mismo resultado positivo para el equipo <strong>sub 15 femenino<\/strong> que se enfrent\u00f3 a Tres de Febrero.<\/p>\n<p><img data-recalc-dims=\"1\" loading=\"lazy\" decoding=\"async\" class=\"alignnone size-full wp-image-185244 aligncenter\" src=\"https:\/\/i0.wp.com\/cdnoticias.com\/wp-content\/uploads\/2025\/10\/bonaerenses-2025-dia-1-d.jpg?resize=800%2C445&#038;ssl=1\" alt=\"\" width=\"800\" height=\"445\" srcset=\"https:\/\/i0.wp.com\/cdnoticias.com\/wp-content\/uploads\/2025\/10\/bonaerenses-2025-dia-1-d.jpg?w=1000&amp;ssl=1 1000w, https:\/\/i0.wp.com\/cdnoticias.com\/wp-content\/uploads\/2025\/10\/bonaerenses-2025-dia-1-d.jpg?resize=300%2C167&amp;ssl=1 300w, https:\/\/i0.wp.com\/cdnoticias.com\/wp-content\/uploads\/2025\/10\/bonaerenses-2025-dia-1-d.jpg?resize=768%2C427&amp;ssl=1 768w, https:\/\/i0.wp.com\/cdnoticias.com\/wp-content\/uploads\/2025\/10\/bonaerenses-2025-dia-1-d.jpg?resize=800%2C445&amp;ssl=1 800w\" sizes=\"auto, (max-width: 800px) 100vw, 800px\" \/><\/p>\n<p>Pasando al <strong>padel<\/strong>, la dupla olavarriense no tuvo problemas en vencer a La Costa con un categ\u00f3rico doble 6-0. Mientras que en<strong> tenis<\/strong>, la modalidad single <strong>Sub 14<\/strong> femenino gan\u00f3 su partido por ausencia de rival, la misma categor\u00eda en masculino sufri\u00f3 una derrota por 2 sets a 0 contra Bah\u00eda Blanca y la <strong>pareja Sub 16 masculina<\/strong> derrot\u00f3 a Tandil por 2 sets a 1. Tambi\u00e9n hubo dobles <strong>en Sub 16 femenino<\/strong> con derrota para la dupla olavarriense por 2 sets a 0, mismo resultado para la <strong>Sub 18 femenino<\/strong> modalidad single que cay\u00f3 ante Merlo.<\/p>\n<p>En <strong>f\u00fatbol tenis<\/strong>, la pareja<strong> sub 15 femenino<\/strong> le gan\u00f3 c\u00f3modamente a Saavedra por 2 sets a 0.<\/p>\n<p>La categor\u00eda <strong>sub 18 del futbol 11 femenino<\/strong> gole\u00f3 por 3 tantos contra 1 a San Pedro.<\/p>\n<p><img data-recalc-dims=\"1\" loading=\"lazy\" decoding=\"async\" class=\"alignnone size-full wp-image-185245 aligncenter\" src=\"https:\/\/i0.wp.com\/cdnoticias.com\/wp-content\/uploads\/2025\/10\/bonaerenses-2025-dia-1-e.jpeg?resize=800%2C445&#038;ssl=1\" alt=\"\" width=\"800\" height=\"445\" srcset=\"https:\/\/i0.wp.com\/cdnoticias.com\/wp-content\/uploads\/2025\/10\/bonaerenses-2025-dia-1-e.jpeg?w=1000&amp;ssl=1 1000w, https:\/\/i0.wp.com\/cdnoticias.com\/wp-content\/uploads\/2025\/10\/bonaerenses-2025-dia-1-e.jpeg?resize=300%2C167&amp;ssl=1 300w, https:\/\/i0.wp.com\/cdnoticias.com\/wp-content\/uploads\/2025\/10\/bonaerenses-2025-dia-1-e.jpeg?resize=768%2C427&amp;ssl=1 768w, https:\/\/i0.wp.com\/cdnoticias.com\/wp-content\/uploads\/2025\/10\/bonaerenses-2025-dia-1-e.jpeg?resize=800%2C445&amp;ssl=1 800w\" sizes=\"auto, (max-width: 800px) 100vw, 800px\" \/><\/p>\n<p>En la rama cultural, comenzaron las <strong>exposiciones de pintura<\/strong> con distintas obras de artistas olavarrienses. Los resultados se estar\u00e1n conociendo al final de la semana.<\/p>\n<blockquote><p>As\u00ed, finaliz\u00f3 una muy positiva primera jornada para Olavarr\u00eda, con 3 medallas en su haber y muy buenas representaciones de cara a los d\u00edas que siguen de competencia.<\/p><\/blockquote>\n","protected":false},"excerpt":{"rendered":"<p>Con muchos resultados a favor, la delegaci\u00f3n olavarriense debut\u00f3 este martes en distintas disciplinas. Sum\u00f3 con una medalla de oro,<\/p>\n","protected":false},"author":4,"featured_media":185241,"comment_status":"closed","ping_status":"closed","sticky":false,"template":"","format":"standard","meta":{"_jetpack_memberships_contains_paid_content":false,"footnotes":""},"categories":[29,1],"tags":[],"class_list":["post-185240","post","type-post","status-publish","format-standard","has-post-thumbnail","hentry","category-deportes","category-portada"],"jetpack_featured_media_url":"https:\/\/i0.wp.com\/cdnoticias.com\/wp-content\/uploads\/2025\/10\/bonaerenses-2025-medalla-dia-1-a.jpeg?fit=1000%2C557&ssl=1","jetpack_sharing_enabled":true,"_links":{"self":[{"href":"https:\/\/cdnoticias.com\/index.php\/wp-json\/wp\/v2\/posts\/185240","targetHints":{"allow":["GET"]}}],"collection":[{"href":"https:\/\/cdnoticias.com\/index.php\/wp-json\/wp\/v2\/posts"}],"about":[{"href":"https:\/\/cdnoticias.com\/index.php\/wp-json\/wp\/v2\/types\/post"}],"author":[{"embeddable":true,"href":"https:\/\/cdnoticias.com\/index.php\/wp-json\/wp\/v2\/users\/4"}],"replies":[{"embeddable":true,"href":"https:\/\/cdnoticias.com\/index.php\/wp-json\/wp\/v2\/comments?post=185240"}],"version-history":[{"count":0,"href":"https:\/\/cdnoticias.com\/index.php\/wp-json\/wp\/v2\/posts\/185240\/revisions"}],"wp:featuredmedia":[{"embeddable":true,"href":"https:\/\/cdnoticias.com\/index.php\/wp-json\/wp\/v2\/media\/185241"}],"wp:attachment":[{"href":"https:\/\/cdnoticias.com\/index.php\/wp-json\/wp\/v2\/media?parent=185240"}],"wp:term":[{"taxonomy":"category","embeddable":true,"href":"https:\/\/cdnoticias.com\/index.php\/wp-json\/wp\/v2\/categories?post=185240"},{"taxonomy":"post_tag","embeddable":true,"href":"https:\/\/cdnoticias.com\/index.php\/wp-json\/wp\/v2\/tags?post=185240"}],"curies":[{"name":"wp","href":"https:\/\/api.w.org\/{rel}","templated":true}]}}