{"id":185231,"date":"2025-10-15T09:11:21","date_gmt":"2025-10-15T12:11:21","guid":{"rendered":"https:\/\/cdnoticias.com\/?p=185231"},"modified":"2025-10-15T11:06:38","modified_gmt":"2025-10-15T14:06:38","slug":"charla-en-olavarria-del-candidato-a-diputado-nacional-del-fit-u","status":"publish","type":"post","link":"https:\/\/cdnoticias.com\/index.php\/2025\/10\/15\/charla-en-olavarria-del-candidato-a-diputado-nacional-del-fit-u\/","title":{"rendered":"Charla en Olavarr\u00eda del candidato a diputado nacional del FIT-U"},"content":{"rendered":"<p>N\u00e9stor Pitrola volver\u00e1 a la ciudad este jueves para ofrecer una charla abierta. Recorre la provincia en la campa\u00f1a para las Legislativas del 26 de octubre.<!--more--><\/p>\n<hr \/>\n<p>Desde el <strong>Frente de Izquierda \u2013 Unidad de Olavarr\u00eda<\/strong> se inform\u00f3 que <strong>este jueves volver\u00e1 a la ciudad N\u00e9stor Pitrola<\/strong>, <strong>candidato a diputado nacional.<\/strong><\/p>\n<blockquote><p>Brindar\u00e1 una charla abierta al p\u00fablico a las 18.30 en la sede partidaria de Sargento Cabral 3370. Esta actividad se realiza bajo la consigna &#8220;Siempre con los trabajadores, nunca con los corruptos, ajustadores y el FMI&#8221;.<\/p><\/blockquote>\n<p>Asimismo, se enmarca en la <strong>recorrida que lleva a cabo Pitrola por el interior de la Provincia<\/strong> como candidato a diputado nacional en las listas del Frente de Izquierda &#8211; Unidad, para las elecciones del 26 de octubre. En ese sentido, se indic\u00f3 que el dirigente <strong>tambi\u00e9n visitar\u00e1 Azul y Las Flores<\/strong>.<\/p>\n<p>Previamente, a las 18 en el mismo local, Pitrola hablar\u00e1 con los medios locales en una conferencia de prensa.<\/p>\n","protected":false},"excerpt":{"rendered":"<p>N\u00e9stor Pitrola volver\u00e1 a la ciudad este jueves para ofrecer una charla abierta. Recorre la provincia en la campa\u00f1a para<\/p>\n","protected":false},"author":4,"featured_media":173156,"comment_status":"closed","ping_status":"closed","sticky":false,"template":"","format":"standard","meta":{"_jetpack_memberships_contains_paid_content":false,"footnotes":""},"categories":[4,1],"tags":[],"class_list":["post-185231","post","type-post","status-publish","format-standard","has-post-thumbnail","hentry","category-politica","category-portada"],"jetpack_featured_media_url":"https:\/\/i0.wp.com\/cdnoticias.com\/wp-content\/uploads\/2025\/06\/Pitrola-01.png?fit=800%2C445&ssl=1","jetpack_sharing_enabled":true,"_links":{"self":[{"href":"https:\/\/cdnoticias.com\/index.php\/wp-json\/wp\/v2\/posts\/185231","targetHints":{"allow":["GET"]}}],"collection":[{"href":"https:\/\/cdnoticias.com\/index.php\/wp-json\/wp\/v2\/posts"}],"about":[{"href":"https:\/\/cdnoticias.com\/index.php\/wp-json\/wp\/v2\/types\/post"}],"author":[{"embeddable":true,"href":"https:\/\/cdnoticias.com\/index.php\/wp-json\/wp\/v2\/users\/4"}],"replies":[{"embeddable":true,"href":"https:\/\/cdnoticias.com\/index.php\/wp-json\/wp\/v2\/comments?post=185231"}],"version-history":[{"count":0,"href":"https:\/\/cdnoticias.com\/index.php\/wp-json\/wp\/v2\/posts\/185231\/revisions"}],"wp:featuredmedia":[{"embeddable":true,"href":"https:\/\/cdnoticias.com\/index.php\/wp-json\/wp\/v2\/media\/173156"}],"wp:attachment":[{"href":"https:\/\/cdnoticias.com\/index.php\/wp-json\/wp\/v2\/media?parent=185231"}],"wp:term":[{"taxonomy":"category","embeddable":true,"href":"https:\/\/cdnoticias.com\/index.php\/wp-json\/wp\/v2\/categories?post=185231"},{"taxonomy":"post_tag","embeddable":true,"href":"https:\/\/cdnoticias.com\/index.php\/wp-json\/wp\/v2\/tags?post=185231"}],"curies":[{"name":"wp","href":"https:\/\/api.w.org\/{rel}","templated":true}]}}