{"id":185209,"date":"2025-10-14T18:33:43","date_gmt":"2025-10-14T21:33:43","guid":{"rendered":"https:\/\/cdnoticias.com\/?p=185209"},"modified":"2025-10-14T18:33:45","modified_gmt":"2025-10-14T21:33:45","slug":"karatecas-de-la-escuela-jka-shotokan-olavarria-aprobaron-sus-examenes-de-grado-en-tandil","status":"publish","type":"post","link":"https:\/\/cdnoticias.com\/index.php\/2025\/10\/14\/karatecas-de-la-escuela-jka-shotokan-olavarria-aprobaron-sus-examenes-de-grado-en-tandil\/","title":{"rendered":"Karatecas de la Escuela JKA Shotokan Olavarr\u00eda aprobaron sus ex\u00e1menes de grado en Tandil"},"content":{"rendered":"\n<p>La evaluaci\u00f3n se realiz\u00f3 el s\u00e1bado en el dojo tandilense, bajo la direcci\u00f3n del Sensei Oscar Carabajal. Participaron alumnos acompa\u00f1ados por su instructor, el Sensei Fabio Gonz\u00e1lez.<\/p>\n\n\n\n<hr class=\"wp-block-separator aligncenter has-alpha-channel-opacity\"\/>\n\n\n\n<p>Integrantes de la<strong> Escuela de Karate JKA Shotokan Olavarr\u00eda participaron este s\u00e1bado por la tarde en una jornada evaluativa de ex\u00e1menes de grado que tuvo lugar en la ciudad de Tandil, en el dojo de la escuela JKA local.<\/strong><\/p>\n\n\n\n<p>El examen estuvo a cargo del director de la Asociaci\u00f3n, el <strong>Sensei Oscar Carabajal, quien supervis\u00f3 la instancia y evalu\u00f3 el desempe\u00f1o t\u00e9cnico de los practicantes.<\/strong><\/p>\n\n\n\n<p>La delegaci\u00f3n olavarriense asisti\u00f3 al encuentro con el acompa\u00f1amiento de su instructor,<strong> el Sensei Fabio Gonz\u00e1lez, quien estuvo presente durante toda la jornada para brindar apoyo y seguimiento a sus alumnos.<\/strong><\/p>\n\n\n\n<p>El encuentro finaliz\u00f3 con una clase especial dirigida por el Sensei Carabajal,<strong> instancia que permiti\u00f3 reforzar t\u00e9cnicas y compartir pr\u00e1cticas entre los distintos dojos participantes.<\/strong><\/p>\n\n\n\n<p class=\"has-medium-font-size\">Resultados:<\/p>\n\n\n\n<p>Rodolfo Jatar, 2\u00b0 kyu (cintur\u00f3n marr\u00f3n)<\/p>\n\n\n\n<p>Angelo Brugnoli, 3\u00b0 kyu (cintur\u00f3n marr\u00f3n)<\/p>\n\n\n\n<p>Cristian Castro, 5\u00b0 kyu (cintur\u00f3n violeta)<\/p>\n\n\n\n<p>Benicio Failla, 7\u00b0 kyu (cintur\u00f3n verde)<\/p>\n\n\n\n<p>Roberto Zauli, 9\u00b0 kyu (cintur\u00f3n amarillo)<\/p>\n\n\n\n<p>Nelson R\u00edos, 9\u00b0 kyu (cintur\u00f3n amarillo)<\/p>\n\n\n\n<p>El evento reafirma el compromiso de la Escuela JKA Shotokan Olavarr\u00eda con la formaci\u00f3n t\u00e9cnica y el esp\u00edritu tradicional del karate-do.<\/p>\n","protected":false},"excerpt":{"rendered":"<p>La evaluaci\u00f3n se realiz\u00f3 el s\u00e1bado en el dojo tandilense, bajo la direcci\u00f3n del Sensei Oscar Carabajal. Participaron alumnos acompa\u00f1ados<\/p>\n","protected":false},"author":2,"featured_media":185211,"comment_status":"closed","ping_status":"closed","sticky":false,"template":"","format":"standard","meta":{"_jetpack_memberships_contains_paid_content":false,"footnotes":""},"categories":[29,30,1],"tags":[],"class_list":["post-185209","post","type-post","status-publish","format-standard","has-post-thumbnail","hentry","category-deportes","category-polideportivo","category-portada"],"jetpack_featured_media_url":"https:\/\/i0.wp.com\/cdnoticias.com\/wp-content\/uploads\/2025\/10\/1000223638-scaled-e1760477598180.jpg?fit=1920%2C1195&ssl=1","jetpack_sharing_enabled":true,"_links":{"self":[{"href":"https:\/\/cdnoticias.com\/index.php\/wp-json\/wp\/v2\/posts\/185209","targetHints":{"allow":["GET"]}}],"collection":[{"href":"https:\/\/cdnoticias.com\/index.php\/wp-json\/wp\/v2\/posts"}],"about":[{"href":"https:\/\/cdnoticias.com\/index.php\/wp-json\/wp\/v2\/types\/post"}],"author":[{"embeddable":true,"href":"https:\/\/cdnoticias.com\/index.php\/wp-json\/wp\/v2\/users\/2"}],"replies":[{"embeddable":true,"href":"https:\/\/cdnoticias.com\/index.php\/wp-json\/wp\/v2\/comments?post=185209"}],"version-history":[{"count":0,"href":"https:\/\/cdnoticias.com\/index.php\/wp-json\/wp\/v2\/posts\/185209\/revisions"}],"wp:featuredmedia":[{"embeddable":true,"href":"https:\/\/cdnoticias.com\/index.php\/wp-json\/wp\/v2\/media\/185211"}],"wp:attachment":[{"href":"https:\/\/cdnoticias.com\/index.php\/wp-json\/wp\/v2\/media?parent=185209"}],"wp:term":[{"taxonomy":"category","embeddable":true,"href":"https:\/\/cdnoticias.com\/index.php\/wp-json\/wp\/v2\/categories?post=185209"},{"taxonomy":"post_tag","embeddable":true,"href":"https:\/\/cdnoticias.com\/index.php\/wp-json\/wp\/v2\/tags?post=185209"}],"curies":[{"name":"wp","href":"https:\/\/api.w.org\/{rel}","templated":true}]}}