{"id":185189,"date":"2025-10-15T08:29:34","date_gmt":"2025-10-15T11:29:34","guid":{"rendered":"https:\/\/cdnoticias.com\/?p=185189"},"modified":"2025-10-15T08:29:36","modified_gmt":"2025-10-15T11:29:36","slug":"la-actividad-economica-cayo-18-en-la-provincia","status":"publish","type":"post","link":"https:\/\/cdnoticias.com\/index.php\/2025\/10\/15\/la-actividad-economica-cayo-18-en-la-provincia\/","title":{"rendered":"La actividad econ\u00f3mica cay\u00f3 1,8% en la Provincia"},"content":{"rendered":"\n<p>Lo marca el indicador PulsoPBA, que elabora el Banco Provincia. Se refiere al tercer trimestre y podr\u00eda anticipar una tendencia nacional.<\/p>\n\n\n\n<hr class=\"wp-block-separator aligncenter has-alpha-channel-opacity\"\/>\n\n\n\n<p>Seg\u00fan el nuevo<strong> indicador PulsoPBA, <\/strong>que elabora el <strong>Banco Provincia,<\/strong> la <strong>actividad econ\u00f3mica bonaerense registr\u00f3 en este tercer trimestre del a\u00f1o una ca\u00edda promedio de -1,8%<\/strong> respecto del trimestre anterior, neutralizando el incremento de 1,7% observado durante el segundo trimestre del a\u00f1o.<\/p>\n\n\n\n<p><\/p>\n\n\n\n<blockquote class=\"wp-block-quote is-layout-flow wp-block-quote-is-layout-flow\">\n<p>El informe de Banco, que present\u00f3 el indicador propio Pulsar en agosto, implica que la econom\u00eda de la Provincia puede entrar en recesi\u00f3n, y que el dato puede anticipar lo que ocurre a nivel Nacional.<\/p>\n<\/blockquote>\n\n\n\n<p><\/p>\n\n\n\n<p>En la din\u00e1mica mensual, si bien el \u00edndice de Banco Provincia exhibi\u00f3 un repunte de 1,5% en septiembre respecto de agosto, este rebote se dio luego de una ca\u00edda mensual de \u20131,4% en ese mes y de cuatro meses consecutivos de retroceso que acumularon \u20133,7% en ese lapso.<\/p>\n\n\n\n<p><\/p>\n\n\n\n<p><strong>En 2025, el crecimiento es apenas del 0.5%<\/strong><\/p>\n\n\n\n<p><\/p>\n\n\n\n<p><strong><em>\u201cLa actividad de la Provincia de Buenos Aires muestra una ralentizaci\u00f3n, en l\u00ednea con el comportamiento de la producci\u00f3n a nivel nacional, evidenciando un pico de actividad dentro del a\u00f1o en abril y un crecimiento acumulado en el 2025 de 0,5%\u201d<\/em><\/strong>, aseguraron desde la entidad bonaerense.<\/p>\n\n\n\n<p><\/p>\n\n\n\n<blockquote class=\"wp-block-quote is-layout-flow wp-block-quote-is-layout-flow\">\n<p>El indicador muestra la evoluci\u00f3n de la actividad econ\u00f3mica bonaerense en tiempo real y se adelanta en un mes a los indicadores oficiales como el estimador mensual de actividad (EMA-PBA). Adem\u00e1s, por la incidencia de la provincia de Buenos Aires a nivel nacional, refleja con mucha fidelidad la evoluci\u00f3n de la econom\u00eda Argentina.<\/p>\n<\/blockquote>\n\n\n\n<p><\/p>\n\n\n\n<p>PulsoPBA es un <strong>indicador desarrollado con Inteligencia Artificial <\/strong>que muestra la <strong>evoluci\u00f3n de la actividad econ\u00f3mica bonaerense <\/strong>sobre la base de m\u00e1s de 1.200 variables diarias generadas por el Banco (consumos, pr\u00e9stamos, exportaciones, pagos y otras transacciones), combinadas con <strong>datos oficiales.<\/strong><\/p>\n\n\n\n<p><\/p>\n\n\n\n<p>La nueva herramienta fue desarrollada por la Gerencia de Estudios Econ\u00f3micos del Banco en colaboraci\u00f3n con el Instituto de Ciencias de la Computaci\u00f3n de la UBA, con el apoyo del Ministerio de Econom\u00eda bonaerense y el Centro Federal de Inversiones.<\/p>\n\n\n\n<p><\/p>\n\n\n\n<p><em>Fuente: DIB\u00a0<\/em><\/p>\n","protected":false},"excerpt":{"rendered":"<p>Lo marca el indicador PulsoPBA, que elabora el Banco Provincia. Se refiere al tercer trimestre y podr\u00eda anticipar una tendencia<\/p>\n","protected":false},"author":6,"featured_media":114155,"comment_status":"closed","ping_status":"closed","sticky":false,"template":"","format":"standard","meta":{"_jetpack_memberships_contains_paid_content":false,"footnotes":""},"categories":[6,1],"tags":[],"class_list":["post-185189","post","type-post","status-publish","format-standard","has-post-thumbnail","hentry","category-nacionales","category-portada"],"jetpack_featured_media_url":"https:\/\/i0.wp.com\/cdnoticias.com\/wp-content\/uploads\/2024\/04\/Pymes-industriales-696x427-1.jpg?fit=696%2C427&ssl=1","jetpack_sharing_enabled":true,"_links":{"self":[{"href":"https:\/\/cdnoticias.com\/index.php\/wp-json\/wp\/v2\/posts\/185189","targetHints":{"allow":["GET"]}}],"collection":[{"href":"https:\/\/cdnoticias.com\/index.php\/wp-json\/wp\/v2\/posts"}],"about":[{"href":"https:\/\/cdnoticias.com\/index.php\/wp-json\/wp\/v2\/types\/post"}],"author":[{"embeddable":true,"href":"https:\/\/cdnoticias.com\/index.php\/wp-json\/wp\/v2\/users\/6"}],"replies":[{"embeddable":true,"href":"https:\/\/cdnoticias.com\/index.php\/wp-json\/wp\/v2\/comments?post=185189"}],"version-history":[{"count":0,"href":"https:\/\/cdnoticias.com\/index.php\/wp-json\/wp\/v2\/posts\/185189\/revisions"}],"wp:featuredmedia":[{"embeddable":true,"href":"https:\/\/cdnoticias.com\/index.php\/wp-json\/wp\/v2\/media\/114155"}],"wp:attachment":[{"href":"https:\/\/cdnoticias.com\/index.php\/wp-json\/wp\/v2\/media?parent=185189"}],"wp:term":[{"taxonomy":"category","embeddable":true,"href":"https:\/\/cdnoticias.com\/index.php\/wp-json\/wp\/v2\/categories?post=185189"},{"taxonomy":"post_tag","embeddable":true,"href":"https:\/\/cdnoticias.com\/index.php\/wp-json\/wp\/v2\/tags?post=185189"}],"curies":[{"name":"wp","href":"https:\/\/api.w.org\/{rel}","templated":true}]}}