{"id":185183,"date":"2025-10-14T17:30:18","date_gmt":"2025-10-14T20:30:18","guid":{"rendered":"https:\/\/cdnoticias.com\/?p=185183"},"modified":"2025-10-14T17:30:20","modified_gmt":"2025-10-14T20:30:20","slug":"desde-este-jueves-feria-de-artesanos-por-el-dia-de-la-madre","status":"publish","type":"post","link":"https:\/\/cdnoticias.com\/index.php\/2025\/10\/14\/desde-este-jueves-feria-de-artesanos-por-el-dia-de-la-madre\/","title":{"rendered":"Desde este jueves, feria de artesanos por el D\u00eda de la Madre"},"content":{"rendered":"\n<p>Ser\u00e1 en el Paseo de los Artesanos hasta el domingo 19 con gran variedad de producciones locales.&nbsp;<\/p>\n\n\n\n<hr class=\"wp-block-separator aligncenter has-alpha-channel-opacity\"\/>\n\n\n\n<p>Desde <strong>este jueves 16 y hasta el domingo 19 de octubre<\/strong> se llevar\u00e1 a cabo una nueva <strong>Feria Artesanal en la Plaza Central,<\/strong> con motivo de la celebraci\u00f3n del <strong>D\u00eda de la Madre.<\/strong><\/p>\n\n\n\n<p><\/p>\n\n\n\n<blockquote class=\"wp-block-quote is-layout-flow wp-block-quote-is-layout-flow\">\n<p>Los puestos se habilitar\u00e1n a partir de las 10 horas, los d\u00edas jueves, viernes y s\u00e1bado, y el domingo desde las 15 horas en el Paseo de Artesanos (Rivadavia y San Mart\u00edn), con una gran variedad de producciones locales.<\/p>\n<\/blockquote>\n\n\n\n<p><\/p>\n\n\n\n<p>El domingo como parte de la propuesta <strong>habr\u00e1 un show musical, desde las 17 horas<\/strong>, a cargo de <strong>Luis Gallastegui con folclore.<\/strong><\/p>\n\n\n\n<p><\/p>\n\n\n\n<blockquote class=\"wp-block-quote is-layout-flow wp-block-quote-is-layout-flow\">\n<p>Participar\u00e1n de la feria artesanos locales fiscalizados que utilizan diferentes t\u00e9cnicas tales como papel mach\u00e9, orfebrer\u00eda, tejido en telar, hilado, encuadernaci\u00f3n, cester\u00eda ecol\u00f3gica, cer\u00e1mica, vitrofusi\u00f3n, marroquiner\u00eda, madera, amigurumis, macram\u00e9, velas, pintura art\u00edstica, bordado, artesan\u00eda reciclada y resignificaci\u00f3n.<\/p>\n<\/blockquote>\n\n\n\n<p><\/p>\n\n\n\n<p>El objetivo de la feria es<strong> impulsar, reconocer y apoyar la actividad artesanal en el Partido de Olavarr\u00eda<\/strong>, y que a trav\u00e9s de este tipo de eventos se permita dar un espacio de encuentro y sociabilizaci\u00f3n, generando v\u00ednculos y colaborando a la econom\u00eda social.<\/p>\n\n\n\n<p><\/p>\n","protected":false},"excerpt":{"rendered":"<p>Ser\u00e1 en el Paseo de los Artesanos hasta el domingo 19 con gran variedad de producciones locales.&nbsp; Desde este jueves<\/p>\n","protected":false},"author":6,"featured_media":133938,"comment_status":"closed","ping_status":"closed","sticky":false,"template":"","format":"standard","meta":{"_jetpack_memberships_contains_paid_content":false,"footnotes":""},"categories":[9,1],"tags":[],"class_list":["post-185183","post","type-post","status-publish","format-standard","has-post-thumbnail","hentry","category-cultura","category-portada"],"jetpack_featured_media_url":"https:\/\/i0.wp.com\/cdnoticias.com\/wp-content\/uploads\/2025\/01\/feria-de-artesanos-plaza-01.jpg?fit=1000%2C556&ssl=1","jetpack_sharing_enabled":true,"_links":{"self":[{"href":"https:\/\/cdnoticias.com\/index.php\/wp-json\/wp\/v2\/posts\/185183","targetHints":{"allow":["GET"]}}],"collection":[{"href":"https:\/\/cdnoticias.com\/index.php\/wp-json\/wp\/v2\/posts"}],"about":[{"href":"https:\/\/cdnoticias.com\/index.php\/wp-json\/wp\/v2\/types\/post"}],"author":[{"embeddable":true,"href":"https:\/\/cdnoticias.com\/index.php\/wp-json\/wp\/v2\/users\/6"}],"replies":[{"embeddable":true,"href":"https:\/\/cdnoticias.com\/index.php\/wp-json\/wp\/v2\/comments?post=185183"}],"version-history":[{"count":0,"href":"https:\/\/cdnoticias.com\/index.php\/wp-json\/wp\/v2\/posts\/185183\/revisions"}],"wp:featuredmedia":[{"embeddable":true,"href":"https:\/\/cdnoticias.com\/index.php\/wp-json\/wp\/v2\/media\/133938"}],"wp:attachment":[{"href":"https:\/\/cdnoticias.com\/index.php\/wp-json\/wp\/v2\/media?parent=185183"}],"wp:term":[{"taxonomy":"category","embeddable":true,"href":"https:\/\/cdnoticias.com\/index.php\/wp-json\/wp\/v2\/categories?post=185183"},{"taxonomy":"post_tag","embeddable":true,"href":"https:\/\/cdnoticias.com\/index.php\/wp-json\/wp\/v2\/tags?post=185183"}],"curies":[{"name":"wp","href":"https:\/\/api.w.org\/{rel}","templated":true}]}}