{"id":185168,"date":"2025-10-14T16:30:21","date_gmt":"2025-10-14T19:30:21","guid":{"rendered":"https:\/\/cdnoticias.com\/?p=185168"},"modified":"2025-10-14T16:30:23","modified_gmt":"2025-10-14T19:30:23","slug":"facso-participo-del-encuentro-de-estudiantes-privados-de-libertad-en-brasil","status":"publish","type":"post","link":"https:\/\/cdnoticias.com\/index.php\/2025\/10\/14\/facso-participo-del-encuentro-de-estudiantes-privados-de-libertad-en-brasil\/","title":{"rendered":"FACSO particip\u00f3 del Encuentro de Estudiantes privados de libertad en Brasil"},"content":{"rendered":"\n<p>El evento se realiza desde 2017 y re\u00fane investigaciones, pr\u00e1cticas extensionistas y experiencias latinoamericanas en tem\u00e1ticas de c\u00e1rceles.<\/p>\n\n\n\n<hr class=\"wp-block-separator aligncenter has-alpha-channel-opacity\"\/>\n\n\n\n<p>Con sede en la <strong>Universidad Federal de Rio Grande do Sul (UFRGS), Porto Alegre (Brasil), <\/strong>el coordinador del Programa de Educaci\u00f3n en Contextos de Encierro (PECE), Prof. <strong>Luis Scipioni, <\/strong>la directora del NACT Estudios sobre Sociedad, Acceso a Derechos y C\u00e1rceles (ESADyC), Dra. <strong>Anal\u00eda Umpierrez,<\/strong> junto al <strong>Lic. Juan Pablo Palmieri, <\/strong>la Mag. <strong>Claudia Castro <\/strong>y la Lic. <strong>Erica Lanzini<\/strong> fueron parte del <strong>Encuentro Internacional de Tesistas e Investigadores en Tem\u00e1ticas de C\u00e1rceles (EITICE).<\/strong><\/p>\n\n\n\n<p><\/p>\n\n\n\n<p>El 8\u00ba Encuentro Internacional de Tesistas e Investigadores en Tem\u00e1ticas de C\u00e1rceles se llev\u00f3 a cabo el 2 y 3 de octubre y fue organizado por la Universidad Federal de Rio Grande do Sul (UFRGS), con la coorganizaci\u00f3n de la UNICEN y la Universidad de Rosario (UNR) por Argentina, la Universidad de la Rep\u00fablica (UDELAR) por Uruguay y la Universidad de Playa Ancha (UPLA) por Chile.<\/p>\n\n\n\n<p><\/p>\n\n\n\n<blockquote class=\"wp-block-quote is-layout-flow wp-block-quote-is-layout-flow\">\n<p>El evento se realiza desde 2017 y re\u00fane investigaciones, pr\u00e1cticas extensionistas y experiencias latinoamericanas en tem\u00e1ticas de c\u00e1rceles. El encuentro cont\u00f3 con paneles espec\u00edficos sobre la organizaci\u00f3n estudiantil en c\u00e1rceles, los desaf\u00edos de la educaci\u00f3n en contextos de privaci\u00f3n de libertad, la importancia de las redes universitarias para la intervenci\u00f3n universitaria en c\u00e1rceles y las experiencias art\u00edsticas en prisiones.<\/p>\n<\/blockquote>\n\n\n\n<p><\/p>\n\n\n\n<p>Adem\u00e1s, se realizaron <strong>mesas de trabajo organizadas<\/strong> alrededor de <strong>grupos de investigaci\u00f3n, investigadores\/as y tesistas<\/strong> que se vinculan con tem\u00e1ticas de privaci\u00f3n de libertad, acceso a la educaci\u00f3n, pr\u00e1cticas art\u00edsticas y otros derechos.\u00a0<\/p>\n\n\n\n<p><\/p>\n\n\n\n<figure class=\"wp-block-image aligncenter size-full\"><img data-recalc-dims=\"1\" loading=\"lazy\" decoding=\"async\" width=\"800\" height=\"450\" src=\"https:\/\/i0.wp.com\/cdnoticias.com\/wp-content\/uploads\/2025\/10\/encuentro-facso-brasil2.jpg?resize=800%2C450&#038;ssl=1\" alt=\"\" class=\"wp-image-185171\" srcset=\"https:\/\/i0.wp.com\/cdnoticias.com\/wp-content\/uploads\/2025\/10\/encuentro-facso-brasil2.jpg?w=960&amp;ssl=1 960w, https:\/\/i0.wp.com\/cdnoticias.com\/wp-content\/uploads\/2025\/10\/encuentro-facso-brasil2.jpg?resize=300%2C169&amp;ssl=1 300w, https:\/\/i0.wp.com\/cdnoticias.com\/wp-content\/uploads\/2025\/10\/encuentro-facso-brasil2.jpg?resize=768%2C432&amp;ssl=1 768w\" sizes=\"auto, (max-width: 800px) 100vw, 800px\" \/><\/figure>\n\n\n\n<p><\/p>\n\n\n\n<p>Por \u00faltimo, al igual que en las \u00faltimas tres ediciones, el EITICE cont\u00f3 con una <strong>instancia de encuentro para estudiantes privados de libertad <\/strong>y con mesas de trabajo para la presentaci\u00f3n de sistematizaci\u00f3n de experiencias en intervenciones en contextos de privaci\u00f3n de libertad.<\/p>\n\n\n\n<p><\/p>\n\n\n\n<p><strong>Participaci\u00f3n en paneles<\/strong><\/p>\n\n\n\n<ul class=\"wp-block-list\">\n<li>El papel de las redes universitarias en la lucha por el derecho a la educaci\u00f3n de las personas privadas de libertad. Panelista: Dra. Anal\u00eda Umpierrez.<\/li>\n<\/ul>\n\n\n\n<ul class=\"wp-block-list\">\n<li>III Encuentro de Estudiantes privados de libertad. Coordinador Lic. Juan Pablo Palmieri. Presentaci\u00f3n de experiencias: estudiantes de FACSO: Gonzalo Fuentes, Nicol\u00e1s Vallejos, Pablo Mendez, Alejandra Lambrecht, Silvina Cervetti y Eva Roba\u00f1era.<\/li>\n<\/ul>\n\n\n\n<ul class=\"wp-block-list\">\n<li>Desaf\u00edos y Perspectivas de la Educaci\u00f3n en Contextos de Privaci\u00f3n de Libertad en Am\u00e9rica Latina. Panelista: Lic. Erica Lanzini<\/li>\n<\/ul>\n\n\n\n<p><strong>Coordinaci\u00f3n de mesas de trabajo<\/strong><\/p>\n\n\n\n<ul class=\"wp-block-list\">\n<li>Educaci\u00f3n Superior e intervenciones acad\u00e9micas en c\u00e1rceles. Coordinador Prof. Luis Scipioni. Sistematizaci\u00f3n de experiencias. Coordinadora Dra. Anal\u00eda Umpierrez.<\/li>\n<\/ul>\n\n\n\n<p><\/p>\n\n\n\n<p><strong>Presentaci\u00f3n de trabajos<\/strong><\/p>\n\n\n\n<ul class=\"wp-block-list\">\n<li>Indagar en las trayectorias educativas en contextos de privaci\u00f3n de libertad. Primeras reflexiones de la implementaci\u00f3n de la Tutor\u00eda de Sistematizaci\u00f3n, Diagn\u00f3stico y Acompa\u00f1amiento de Trayectorias Educativas en Contextos de Encierro. Prof. Luis Scipioni y Lic. Juan Pablo Palmieri.<\/li>\n<\/ul>\n\n\n\n<ul class=\"wp-block-list\">\n<li>Un programa de radio abre muchas ventanas. Dra. Anal\u00eda Umpierrez y Lic. Juan Pablo Palmieri.<\/li>\n<\/ul>\n\n\n\n<ul class=\"wp-block-list\">\n<li>G\u00e9nero y masculinidades en contextos de encierro. Abordajes en el programa radial universitario \u201cTelara\u00f1as\u201d. Lic. Erica Lanzini<\/li>\n<\/ul>\n\n\n\n<ul class=\"wp-block-list\">\n<li>La producci\u00f3n art\u00edstica en c\u00e1rceles. Tiempo y espacio como categor\u00edas estructurantes de la pr\u00e1ctica art\u00edstica. Mag. Claudia Castro.<\/li>\n<\/ul>\n\n\n\n<p><\/p>\n\n\n\n<p>Como cierre del encuentro, se realiz\u00f3 la sistematizaci\u00f3n de las mesas de trabajo y los principales nudos tem\u00e1ticos debatidos y problematizados. <strong>La sede del pr\u00f3ximo encuentro ser\u00e1 definida en los pr\u00f3ximos meses.<\/strong><\/p>\n\n\n\n<p><\/p>\n","protected":false},"excerpt":{"rendered":"<p>El evento se realiza desde 2017 y re\u00fane investigaciones, pr\u00e1cticas extensionistas y experiencias latinoamericanas en tem\u00e1ticas de c\u00e1rceles. Con sede<\/p>\n","protected":false},"author":6,"featured_media":185172,"comment_status":"closed","ping_status":"closed","sticky":false,"template":"","format":"standard","meta":{"_jetpack_memberships_contains_paid_content":false,"footnotes":""},"categories":[5,1],"tags":[],"class_list":["post-185168","post","type-post","status-publish","format-standard","has-post-thumbnail","hentry","category-informacion-general","category-portada"],"jetpack_featured_media_url":"https:\/\/i0.wp.com\/cdnoticias.com\/wp-content\/uploads\/2025\/10\/encuentro-facso-brasil1.jpg?fit=900%2C506&ssl=1","jetpack_sharing_enabled":true,"_links":{"self":[{"href":"https:\/\/cdnoticias.com\/index.php\/wp-json\/wp\/v2\/posts\/185168","targetHints":{"allow":["GET"]}}],"collection":[{"href":"https:\/\/cdnoticias.com\/index.php\/wp-json\/wp\/v2\/posts"}],"about":[{"href":"https:\/\/cdnoticias.com\/index.php\/wp-json\/wp\/v2\/types\/post"}],"author":[{"embeddable":true,"href":"https:\/\/cdnoticias.com\/index.php\/wp-json\/wp\/v2\/users\/6"}],"replies":[{"embeddable":true,"href":"https:\/\/cdnoticias.com\/index.php\/wp-json\/wp\/v2\/comments?post=185168"}],"version-history":[{"count":0,"href":"https:\/\/cdnoticias.com\/index.php\/wp-json\/wp\/v2\/posts\/185168\/revisions"}],"wp:featuredmedia":[{"embeddable":true,"href":"https:\/\/cdnoticias.com\/index.php\/wp-json\/wp\/v2\/media\/185172"}],"wp:attachment":[{"href":"https:\/\/cdnoticias.com\/index.php\/wp-json\/wp\/v2\/media?parent=185168"}],"wp:term":[{"taxonomy":"category","embeddable":true,"href":"https:\/\/cdnoticias.com\/index.php\/wp-json\/wp\/v2\/categories?post=185168"},{"taxonomy":"post_tag","embeddable":true,"href":"https:\/\/cdnoticias.com\/index.php\/wp-json\/wp\/v2\/tags?post=185168"}],"curies":[{"name":"wp","href":"https:\/\/api.w.org\/{rel}","templated":true}]}}