{"id":185163,"date":"2025-10-14T15:20:54","date_gmt":"2025-10-14T18:20:54","guid":{"rendered":"https:\/\/cdnoticias.com\/?p=185163"},"modified":"2025-10-14T18:00:45","modified_gmt":"2025-10-14T21:00:45","slug":"paro-nacional-docente-se-estimo-en-90-la-adhesion-en-olavarria","status":"publish","type":"post","link":"https:\/\/cdnoticias.com\/index.php\/2025\/10\/14\/paro-nacional-docente-se-estimo-en-90-la-adhesion-en-olavarria\/","title":{"rendered":"Paro nacional docente: se estim\u00f3 en 90% la adhesi\u00f3n en Olavarr\u00eda"},"content":{"rendered":"<p>Lo inform\u00f3 Ver\u00f3nica Danelli, secretaria general de Suteba. \u201cSe profundiza cada vez m\u00e1s esta lucha porque todos los a\u00f1os se planifica desde el Gobierno Nacional un corrimiento mucho m\u00e1s grande\u201d indic\u00f3.<!--more--><\/p>\n<hr \/>\n<p>Este martes se lleva adelante un <strong><a href=\"https:\/\/cdnoticias.com\/index.php\/2025\/10\/13\/por-un-paro-docente-este-martes-no-habra-clases-en-las-escuelas-del-pais\/\" target=\"_blank\" rel=\"noopener\">paro nacional docente<\/a> convocado por la Confederaci\u00f3n de Trabajadores de la Educaci\u00f3n de la Rep\u00fablica Argentina<\/strong> (Ctera). <strong>Central de Noticias<\/strong> habl\u00f3 con la <strong>secretaria general de Suteba, Ver\u00f3nica Danelli<\/strong>, quien inform\u00f3 que <strong>\u201chay aproximadamente 90% de adhesi\u00f3n\u201d<\/strong> en el relevamiento realizado sobre <strong>escuelas p\u00fablicas de Olavarr\u00eda<\/strong>.<\/p>\n<p><strong>\u201cEs una muy buena respuesta de los docentes<\/strong> hacia este plan de lucha que ha pensado la Ctera. Nosotros, como SUTEBA, estamos adhiriendo a este plan de lucha\u201d indic\u00f3 para definir que<strong> \u201cestamos en una lucha muy compleja. Desde hace dos a\u00f1os que estamos sin paritaria nacional\u201d<\/strong>. Record\u00f3 que \u201cel primer mes que asumi\u00f3 el gobierno del presidente Milei,<strong> desapareci\u00f3 el FONID de nuestro recibo de sueldo<\/strong>, lo cual implica hoy unos 300.000 pesos de bolsillo para aquellos que tenemos dos cargos. La verdad que fue<strong> una p\u00e9rdida de entre el 10 y el 15% de salario\u201d<\/strong>. M\u00e1s adelante puntualiz\u00f3 que \u201choy nos est\u00e1n debiendo de FONID 5 millones a cada uno de los docentes argentinos\u201d.<\/p>\n<p>Danelli subray\u00f3 sobre las medidas de fuerza que <strong>\u201ceste plan de lucha que trata de ser muy cuidadoso teniendo en cuenta la diversidad de situaciones que tiene toda la Argentina\u201d<\/strong>. En ese sentido record\u00f3 que<em> \u201cel primer a\u00f1o sufrimos much\u00edsimo fue el tema de los descuentos de este tipo de paro\u201d<\/em>. Aclar\u00f3 que eso no sucedi\u00f3 en la provincia de Buenos Aires, \u201cpero s\u00ed en provincias como Santa Fe o Salta\u201d. \u201c<strong>En ese contexto se han hecho marchas, se han hecho paros, se han hecho jornadas de protesta.<\/strong> <a href=\"https:\/\/cdnoticias.com\/index.php\/2025\/10\/08\/docentes-impulsan-una-nueva-jornada-de-lucha-en-olavarria\/\" target=\"_blank\" rel=\"noopener\">Nosotros la semana pasada hicimos una jornada ac\u00e1 en Olavarr\u00eda<\/a> que tambi\u00e9n se llev\u00f3 a cabo en todos los distritos y ven\u00eda tambi\u00e9n a acompa\u00f1ar este plan de lucha\u201d a\u00f1adi\u00f3.<\/p>\n<blockquote><p>\u201cNo podemos hacer un paro de forma indeterminada porque ser\u00eda como muy irresponsable de nuestra parte. No solamente por la inflexibilidad que vemos del otro lado del gobierno, sino tambi\u00e9n porque dejar\u00edamos a miles y miles de chicas y chicos fuera del sistema educativo con todo lo que hoy implica la escuela en la sociedad. Por ah\u00ed hay que abstraerse un poco del distrito en el que vive cada uno y poder mirar a la Argentina en su conjunto\u201d consider\u00f3 la secretaria general de Suteba.<\/p><\/blockquote>\n<p><img data-recalc-dims=\"1\" loading=\"lazy\" decoding=\"async\" class=\"alignnone size-full wp-image-172149 aligncenter\" src=\"https:\/\/i0.wp.com\/cdnoticias.com\/wp-content\/uploads\/2025\/05\/suteba-guardapolvos-por-la-educacion-02.jpg?resize=800%2C445&#038;ssl=1\" alt=\"\" width=\"800\" height=\"445\" srcset=\"https:\/\/i0.wp.com\/cdnoticias.com\/wp-content\/uploads\/2025\/05\/suteba-guardapolvos-por-la-educacion-02.jpg?w=1000&amp;ssl=1 1000w, https:\/\/i0.wp.com\/cdnoticias.com\/wp-content\/uploads\/2025\/05\/suteba-guardapolvos-por-la-educacion-02.jpg?resize=300%2C167&amp;ssl=1 300w, https:\/\/i0.wp.com\/cdnoticias.com\/wp-content\/uploads\/2025\/05\/suteba-guardapolvos-por-la-educacion-02.jpg?resize=768%2C427&amp;ssl=1 768w, https:\/\/i0.wp.com\/cdnoticias.com\/wp-content\/uploads\/2025\/05\/suteba-guardapolvos-por-la-educacion-02.jpg?resize=800%2C445&amp;ssl=1 800w\" sizes=\"auto, (max-width: 800px) 100vw, 800px\" \/><\/p>\n<h3>El financiamiento de la educaci\u00f3n<\/h3>\n<p>Desde Suteba se hizo hincapi\u00e9 en que <strong>\u201cse profundiza\u201d el recorte de fondos al financiamiento de la educaci\u00f3n y la ciencia.<\/strong> Danelli se refiri\u00f3 al reclamo desde Ctera de<strong> \u201cuna nueva Ley de Financiamiento Educativo\u201d<\/strong> sobre el que destac\u00f3 que<em> \u201clo ven\u00edamos planteando tambi\u00e9n en otros gobiernos\u201d.<\/em><\/p>\n<p>\u201cLo que dice la ley hoy por hoy es que<strong> un 6% del PBI debe ser destinado al financiamiento educativo. Nunca llegamos plenamente<\/strong> a ese 6% pero siempre estuvimos bastante cerca con un 5 y algo. <strong>Pero en los \u00faltimos a\u00f1os ese porcentaje fue bajando<\/strong>. Sin embargo nosotros ah\u00ed <strong>segu\u00edamos redoblando esta apuesta y ped\u00edamos un 8%<\/strong> de incremento&#8221; explic\u00f3.<\/p>\n<blockquote><p>Con ello expres\u00f3 que &#8220;hoy se est\u00e1 ejecutando alrededor de 80% de un 0,80% del PBI en educaci\u00f3n. Y la proyecci\u00f3n para el 2026 es del 0,75%. O sea que es m\u00e1s bajo a\u00fan del que tuvimos este a\u00f1o\u201d inform\u00f3.<\/p><\/blockquote>\n<p><img data-recalc-dims=\"1\" loading=\"lazy\" decoding=\"async\" class=\"alignnone size-full wp-image-107508 aligncenter\" src=\"https:\/\/i0.wp.com\/cdnoticias.com\/wp-content\/uploads\/2024\/01\/cta-suteba.jpg?resize=800%2C446&#038;ssl=1\" alt=\"\" width=\"800\" height=\"446\" srcset=\"https:\/\/i0.wp.com\/cdnoticias.com\/wp-content\/uploads\/2024\/01\/cta-suteba.jpg?w=800&amp;ssl=1 800w, https:\/\/i0.wp.com\/cdnoticias.com\/wp-content\/uploads\/2024\/01\/cta-suteba.jpg?resize=300%2C167&amp;ssl=1 300w, https:\/\/i0.wp.com\/cdnoticias.com\/wp-content\/uploads\/2024\/01\/cta-suteba.jpg?resize=768%2C428&amp;ssl=1 768w\" sizes=\"auto, (max-width: 800px) 100vw, 800px\" \/><\/p>\n<p>A su vez, cuestion\u00f3 que <strong>la intenci\u00f3n del Gobierno Nacional<\/strong>, expresada en el proyecto de Presupuesto 2026, es <strong>derogar la Ley de Financiamiento Educativo<\/strong>. \u201cAntes no la respetaba, ahora quiere derogarla. Entonces se profundiza cada vez m\u00e1s esta lucha porque <strong>todos los a\u00f1os se planifica desde el Gobierno Nacional un corrimiento mucho m\u00e1s grande demostrando que realmente educaci\u00f3n, ciencia y tecnolog\u00eda no son los pilares para este gobierno<\/strong>, no son pilares importantes para sacar el pa\u00eds adelante. Y nosotros creemos que esto realmente no es as\u00ed y que <strong>deber\u00eda revertirse\u201d<\/strong> sostuvo Ver\u00f3nica Danelli.<\/p>\n<p>La dirigente de Suteba detall\u00f3 que el Gobierno pretende <strong>derogar el art\u00edculo 9 de la Ley de Educaci\u00f3n Nacional<\/strong> que fija el destino de 6% del PBI para el financiamiento; <strong>los art\u00edculos 5, 6 y 7 de la Ley 27.614<\/strong> de financiamiento del Sistema Nacional de Ciencia, Tecnolog\u00eda e Innovaci\u00f3n; y <strong>el art\u00edculo 52 la Ley 26.058<\/strong> de Educaci\u00f3n T\u00e9cnico Profesional.<\/p>\n<blockquote><p>Sobre este \u00faltimo punto agreg\u00f3 que \u201cataca a la educaci\u00f3n p\u00fablica, a la ciencia y a la tecnolog\u00eda. Nosotros tenemos dos escuelas t\u00e9cnicas profesionales en Olavarr\u00eda y ya en este a\u00f1o no recibieron nada de financiamiento. Y lo importante que son para el desarrollo econ\u00f3mico de nuestra ciudad\u201d.<\/p><\/blockquote>\n","protected":false},"excerpt":{"rendered":"<p>Lo inform\u00f3 Ver\u00f3nica Danelli, secretaria general de Suteba. \u201cSe profundiza cada vez m\u00e1s esta lucha porque todos los a\u00f1os se<\/p>\n","protected":false},"author":4,"featured_media":88183,"comment_status":"closed","ping_status":"closed","sticky":false,"template":"","format":"standard","meta":{"_jetpack_memberships_contains_paid_content":false,"footnotes":""},"categories":[5,1],"tags":[],"class_list":["post-185163","post","type-post","status-publish","format-standard","has-post-thumbnail","hentry","category-informacion-general","category-portada"],"jetpack_featured_media_url":"https:\/\/i0.wp.com\/cdnoticias.com\/wp-content\/uploads\/2023\/06\/veronica-danelli-suteba.jpg?fit=800%2C445&ssl=1","jetpack_sharing_enabled":true,"_links":{"self":[{"href":"https:\/\/cdnoticias.com\/index.php\/wp-json\/wp\/v2\/posts\/185163","targetHints":{"allow":["GET"]}}],"collection":[{"href":"https:\/\/cdnoticias.com\/index.php\/wp-json\/wp\/v2\/posts"}],"about":[{"href":"https:\/\/cdnoticias.com\/index.php\/wp-json\/wp\/v2\/types\/post"}],"author":[{"embeddable":true,"href":"https:\/\/cdnoticias.com\/index.php\/wp-json\/wp\/v2\/users\/4"}],"replies":[{"embeddable":true,"href":"https:\/\/cdnoticias.com\/index.php\/wp-json\/wp\/v2\/comments?post=185163"}],"version-history":[{"count":0,"href":"https:\/\/cdnoticias.com\/index.php\/wp-json\/wp\/v2\/posts\/185163\/revisions"}],"wp:featuredmedia":[{"embeddable":true,"href":"https:\/\/cdnoticias.com\/index.php\/wp-json\/wp\/v2\/media\/88183"}],"wp:attachment":[{"href":"https:\/\/cdnoticias.com\/index.php\/wp-json\/wp\/v2\/media?parent=185163"}],"wp:term":[{"taxonomy":"category","embeddable":true,"href":"https:\/\/cdnoticias.com\/index.php\/wp-json\/wp\/v2\/categories?post=185163"},{"taxonomy":"post_tag","embeddable":true,"href":"https:\/\/cdnoticias.com\/index.php\/wp-json\/wp\/v2\/tags?post=185163"}],"curies":[{"name":"wp","href":"https:\/\/api.w.org\/{rel}","templated":true}]}}