{"id":185150,"date":"2025-10-14T16:08:46","date_gmt":"2025-10-14T19:08:46","guid":{"rendered":"https:\/\/cdnoticias.com\/?p=185150"},"modified":"2025-10-14T18:08:15","modified_gmt":"2025-10-14T21:08:15","slug":"barrio-por-barrio-llegara-este-miercoles-a-carlos-pellegrini-y-pawlonia","status":"publish","type":"post","link":"https:\/\/cdnoticias.com\/index.php\/2025\/10\/14\/barrio-por-barrio-llegara-este-miercoles-a-carlos-pellegrini-y-pawlonia\/","title":{"rendered":"Barrio por Barrio llegar\u00e1 este mi\u00e9rcoles a Carlos Pellegrini y Pawlonia"},"content":{"rendered":"<p>El punto de encuentro y de gesti\u00f3n de tr\u00e1mites ser\u00e1 Juan XXIII e Islas Malvinas, desde las 9:30 horas.<!--more--><\/p>\n<hr \/>\n<p>El Municipio de Olavarr\u00eda inform\u00f3 que, como sucede semana a semana los d\u00edas mi\u00e9rcoles, <strong>este 15 de octubre<\/strong> se llevar\u00e1 a cabo una nueva jornada enmarcada en el <strong>Programa Municipal \u201cBarrio por Barrio\u201d<\/strong>.<\/p>\n<blockquote><p>En esta ocasi\u00f3n ser\u00e1 el turno de los barrios Carlos Pellegrini y Pawlonia, por lo que se invit\u00f3 a vecinos y vecinas de ese punto de la ciudad y sectores aleda\u00f1os a acercarse a Juan XXIII e lslas Malvinas, a partir de las 9:30 horas. All\u00ed se dispondr\u00e1n puestos de atenci\u00f3n de numerosas \u00e1reas municipales.<\/p><\/blockquote>\n<p>Como es habitual, se podr\u00e1 acceder a los siguientes<strong> servicios<\/strong>:<\/p>\n<ul>\n<li>SUBE<\/li>\n<li>Asesoramiento m\u00e9dico y puesto de vacunaci\u00f3n.<\/li>\n<li>Vacunaci\u00f3n canina y felina<\/li>\n<li>Validaci\u00f3n de identidad app Mi Argentina<\/li>\n<li>Asesoramiento e inscripci\u00f3n a los programas M\u00e1s Vida y PAAC (personas con celiaqu\u00eda)<\/li>\n<li>Inscripci\u00f3n a Maternales, Centros de D\u00eda, Envi\u00f3n y Callejeadas<\/li>\n<li>Atenci\u00f3n de las oficinas de Defensa del Consumidor, Relaciones Vecinales, Casa de Tierras y Regularizaci\u00f3n Dominial, Desarrollo Social, mujeres, G\u00e9neros y Diversidades y Empleo.<\/li>\n<\/ul>\n<p>En paralelo, se desplegar\u00e1 el <strong>habitual dispositivo puerta a puerta<\/strong> en el que se dialogar\u00e1 con vecinos y vecinas para conocer sus inquietudes y necesidades, las cuales ser\u00e1n remitidas a las \u00e1reas municipales correspondientes. Asimismo se brindar\u00e1 informaci\u00f3n de inter\u00e9s, v\u00edas de comunicaci\u00f3n, entre otros.<\/p>\n<p>Por su parte, distintos equipos de trabajo llevar\u00e1n adelante<strong> tareas de materia de limpieza, como as\u00ed tambi\u00e9n mantenimiento de calles y espacios p\u00fablicos<\/strong>. Se trabaja de manera simult\u00e1nea y complementaria con personal de empresas que brindan servicios para el <strong>Municipio<\/strong>, como<strong> Coopelectric<\/strong> y<strong> Transportes Malvinas<\/strong>, para una respuesta integral.<\/p>\n<p>Este tipo de jornadas territoriales plantean un abordaje integral, para lo cual se dispone de la participaci\u00f3n del Intendente y los funcionarios del gabinete, junto con personal de las distintas \u00e1reas de gesti\u00f3n municipal: <em>Salud, Educaci\u00f3n, Protecci\u00f3n Ciudadana, Obras P\u00fablicas, Desarrollo de la Comunidad, Defensa al Consumidor, Asuntos Legales<\/em>, entre otras \u00e1reas.<\/p>\n","protected":false},"excerpt":{"rendered":"<p>El punto de encuentro y de gesti\u00f3n de tr\u00e1mites ser\u00e1 Juan XXIII e Islas Malvinas, desde las 9:30 horas.<\/p>\n","protected":false},"author":4,"featured_media":177556,"comment_status":"closed","ping_status":"closed","sticky":false,"template":"","format":"standard","meta":{"_jetpack_memberships_contains_paid_content":false,"footnotes":""},"categories":[5,1],"tags":[],"class_list":["post-185150","post","type-post","status-publish","format-standard","has-post-thumbnail","hentry","category-informacion-general","category-portada"],"jetpack_featured_media_url":"https:\/\/i0.wp.com\/cdnoticias.com\/wp-content\/uploads\/2025\/07\/Barrio-x-Barrio-Evita-Bancario-3-4-scaled-1.jpg?fit=2560%2C1703&ssl=1","jetpack_sharing_enabled":true,"_links":{"self":[{"href":"https:\/\/cdnoticias.com\/index.php\/wp-json\/wp\/v2\/posts\/185150","targetHints":{"allow":["GET"]}}],"collection":[{"href":"https:\/\/cdnoticias.com\/index.php\/wp-json\/wp\/v2\/posts"}],"about":[{"href":"https:\/\/cdnoticias.com\/index.php\/wp-json\/wp\/v2\/types\/post"}],"author":[{"embeddable":true,"href":"https:\/\/cdnoticias.com\/index.php\/wp-json\/wp\/v2\/users\/4"}],"replies":[{"embeddable":true,"href":"https:\/\/cdnoticias.com\/index.php\/wp-json\/wp\/v2\/comments?post=185150"}],"version-history":[{"count":0,"href":"https:\/\/cdnoticias.com\/index.php\/wp-json\/wp\/v2\/posts\/185150\/revisions"}],"wp:featuredmedia":[{"embeddable":true,"href":"https:\/\/cdnoticias.com\/index.php\/wp-json\/wp\/v2\/media\/177556"}],"wp:attachment":[{"href":"https:\/\/cdnoticias.com\/index.php\/wp-json\/wp\/v2\/media?parent=185150"}],"wp:term":[{"taxonomy":"category","embeddable":true,"href":"https:\/\/cdnoticias.com\/index.php\/wp-json\/wp\/v2\/categories?post=185150"},{"taxonomy":"post_tag","embeddable":true,"href":"https:\/\/cdnoticias.com\/index.php\/wp-json\/wp\/v2\/tags?post=185150"}],"curies":[{"name":"wp","href":"https:\/\/api.w.org\/{rel}","templated":true}]}}