{"id":18514,"date":"2021-04-10T19:57:56","date_gmt":"2021-04-10T22:57:56","guid":{"rendered":"http:\/\/www.centraldenoticias.com.ar\/?p=18514"},"modified":"2021-04-10T22:02:53","modified_gmt":"2021-04-11T01:02:53","slug":"anunciaron-la-puesta-en-marcha-de-una-nueva-edicion-del-programa-testeo-intensivo","status":"publish","type":"post","link":"https:\/\/cdnoticias.com\/index.php\/2021\/04\/10\/anunciaron-la-puesta-en-marcha-de-una-nueva-edicion-del-programa-testeo-intensivo\/","title":{"rendered":"Anunciaron la puesta en marcha de una nueva edici\u00f3n del programa testeo intensivo"},"content":{"rendered":"<p>La medida fue tomada desde el Municipio para \u201cbajar la positividad de los contagios\u201d. Desde el lunes y por dos semanas el RTA recorrer\u00e1 la ciudad y localidades.<!--more--><\/p>\n<hr \/>\n<p><strong>\u201cEs indispensable rastrear, testear y aislar para que no se propague el virus en el Partido\u201d<\/strong>, se enfatiz\u00f3 desde el Municipio local en el marco del anuncio de una nueva edici\u00f3n del <strong>programa RTA (Rastrear, Testear y Aislar), que durante las pr\u00f3ximas dos semanas recorrer\u00e1 el partido y localidades.<\/strong><\/p>\n<p>&nbsp;<\/p>\n<p><img data-recalc-dims=\"1\" loading=\"lazy\" decoding=\"async\" class=\"alignnone size-full wp-image-18283\" src=\"https:\/\/i0.wp.com\/cdnoticias.com\/wp-content\/uploads\/2021\/04\/RTA-Hospital00.jpg?resize=800%2C445&#038;ssl=1\" alt=\"\" width=\"800\" height=\"445\" srcset=\"https:\/\/i0.wp.com\/cdnoticias.com\/wp-content\/uploads\/2021\/04\/RTA-Hospital00.jpg?w=800&amp;ssl=1 800w, https:\/\/i0.wp.com\/cdnoticias.com\/wp-content\/uploads\/2021\/04\/RTA-Hospital00.jpg?resize=300%2C167&amp;ssl=1 300w, https:\/\/i0.wp.com\/cdnoticias.com\/wp-content\/uploads\/2021\/04\/RTA-Hospital00.jpg?resize=768%2C427&amp;ssl=1 768w\" sizes=\"auto, (max-width: 800px) 100vw, 800px\" \/><\/p>\n<p>&nbsp;<\/p>\n<p>Desde la cartera sanitaria indicaron que la extensi\u00f3n del programa de testeo intensivo tiene como objetivo \u201cbajar la positividad de los contagios en Olavarr\u00eda\u201d. <strong>\u201cPara nosotros es un enorme esfuerzo la implementaci\u00f3n del Programa pero estamos convencidos que tenemos que seguir aportando desde nuestro lugar para mejorar la situaci\u00f3n sanitaria\u201d, se a\u00f1adi\u00f3.<\/strong><\/p>\n<p>&nbsp;<\/p>\n<p><em><strong>El cronograma:<\/strong><\/em><\/p>\n<p>&nbsp;<\/p>\n<p>Todos los d\u00edas <strong>desde las 11<\/strong> en los siguientes lugares:<\/p>\n<p>&nbsp;<\/p>\n<p>Lunes 12\/4: Paseo de la Salud<\/p>\n<p>&nbsp;<\/p>\n<p>Martes 13\/4: Servicio Territorial N\u00b0 1 (Fasina1020)<\/p>\n<p>&nbsp;<\/p>\n<p>Mi\u00e9rcoles 14\/4: Paseo de la Salud<\/p>\n<p>&nbsp;<\/p>\n<p>Jueves 15\/4: Sierra Chica<\/p>\n<p>&nbsp;<\/p>\n<p>Viernes 16\/4: Paseo de la Salud<\/p>\n<p>&nbsp;<\/p>\n<p><img data-recalc-dims=\"1\" loading=\"lazy\" decoding=\"async\" class=\"alignnone size-full wp-image-18284\" src=\"https:\/\/i0.wp.com\/cdnoticias.com\/wp-content\/uploads\/2021\/04\/RTA-Hospital01.jpg?resize=800%2C444&#038;ssl=1\" alt=\"\" width=\"800\" height=\"444\" srcset=\"https:\/\/i0.wp.com\/cdnoticias.com\/wp-content\/uploads\/2021\/04\/RTA-Hospital01.jpg?w=800&amp;ssl=1 800w, https:\/\/i0.wp.com\/cdnoticias.com\/wp-content\/uploads\/2021\/04\/RTA-Hospital01.jpg?resize=300%2C167&amp;ssl=1 300w, https:\/\/i0.wp.com\/cdnoticias.com\/wp-content\/uploads\/2021\/04\/RTA-Hospital01.jpg?resize=768%2C426&amp;ssl=1 768w\" sizes=\"auto, (max-width: 800px) 100vw, 800px\" \/><\/p>\n<p>&nbsp;<\/p>\n<p>Lunes 19\/4: Paseo de la Salud<\/p>\n<p>&nbsp;<\/p>\n<p>Martes 20\/4: Servicio Territorial N\u00b0 6 (Balcarce y Mendoza)<\/p>\n<p>&nbsp;<\/p>\n<p>Mi\u00e9rcoles 21\/4: Paseo de la Salud.<\/p>\n<p>&nbsp;<\/p>\n<p>Jueves 22\/4: Hinojo<\/p>\n<p>&nbsp;<\/p>\n<p>Viernes 23\/4: Paseo de la Salud<\/p>\n<p>&nbsp;<\/p>\n<p>Finalmente, se confirm\u00f3 que tambi\u00e9n <strong>se seguir\u00e1 haciendo el Programa RTA pedi\u00e1trico en el SUM de Pediatr\u00eda todos los d\u00edas desde las 9.30 horas y los PCR desde las 7 horas en el Hospital Municipal \u201cDr. H\u00e9ctor Cura\u201d<\/strong>.<\/p>\n<p>&nbsp;<\/p>\n","protected":false},"excerpt":{"rendered":"<p>La medida fue tomada desde el Municipio para \u201cbajar la positividad de los contagios\u201d. Desde el lunes y por dos<\/p>\n","protected":false},"author":3,"featured_media":18425,"comment_status":"closed","ping_status":"closed","sticky":false,"template":"","format":"standard","meta":{"_jetpack_memberships_contains_paid_content":false,"footnotes":""},"categories":[1],"tags":[],"class_list":["post-18514","post","type-post","status-publish","format-standard","has-post-thumbnail","hentry","category-portada"],"jetpack_featured_media_url":"https:\/\/i0.wp.com\/cdnoticias.com\/wp-content\/uploads\/2021\/04\/b31e2004-a952-4594-b982-d8ba324afc9c.jpg?fit=1152%2C639&ssl=1","jetpack_sharing_enabled":true,"_links":{"self":[{"href":"https:\/\/cdnoticias.com\/index.php\/wp-json\/wp\/v2\/posts\/18514","targetHints":{"allow":["GET"]}}],"collection":[{"href":"https:\/\/cdnoticias.com\/index.php\/wp-json\/wp\/v2\/posts"}],"about":[{"href":"https:\/\/cdnoticias.com\/index.php\/wp-json\/wp\/v2\/types\/post"}],"author":[{"embeddable":true,"href":"https:\/\/cdnoticias.com\/index.php\/wp-json\/wp\/v2\/users\/3"}],"replies":[{"embeddable":true,"href":"https:\/\/cdnoticias.com\/index.php\/wp-json\/wp\/v2\/comments?post=18514"}],"version-history":[{"count":0,"href":"https:\/\/cdnoticias.com\/index.php\/wp-json\/wp\/v2\/posts\/18514\/revisions"}],"wp:featuredmedia":[{"embeddable":true,"href":"https:\/\/cdnoticias.com\/index.php\/wp-json\/wp\/v2\/media\/18425"}],"wp:attachment":[{"href":"https:\/\/cdnoticias.com\/index.php\/wp-json\/wp\/v2\/media?parent=18514"}],"wp:term":[{"taxonomy":"category","embeddable":true,"href":"https:\/\/cdnoticias.com\/index.php\/wp-json\/wp\/v2\/categories?post=18514"},{"taxonomy":"post_tag","embeddable":true,"href":"https:\/\/cdnoticias.com\/index.php\/wp-json\/wp\/v2\/tags?post=18514"}],"curies":[{"name":"wp","href":"https:\/\/api.w.org\/{rel}","templated":true}]}}